{"id":1175,"date":"2017-07-12T08:44:59","date_gmt":"2017-07-12T06:44:59","guid":{"rendered":"http:\/\/wptest.io\/demo\/?p=877"},"modified":"2019-08-01T23:26:19","modified_gmt":"2019-08-01T21:26:19","slug":"title-should-not-overflow-the-content-area","status":"publish","type":"post","link":"https:\/\/webradio.ac-am.fr\/index.php\/2017\/07\/12\/title-should-not-overflow-the-content-area\/","title":{"rendered":"Conf\u00e9rence officielle sur les reliques du P\u00e9rou le 11\/07\/2017 &#8211; Traduction simultan\u00e9e en fran\u00e7ais"},"content":{"rendered":"<p><iframe loading=\"lazy\" title=\"\u00abReliques du P\u00e9rou : La Conf\u00e9rence Officielle (Traduction fran\u00e7aise)\u00bb\" width=\"530\" height=\"298\" src=\"https:\/\/www.youtube.com\/embed\/beXuqWq03ig?feature=oembed\" frameborder=\"0\" allow=\"accelerometer; autoplay; clipboard-write; encrypted-media; gyroscope; picture-in-picture; web-share\" referrerpolicy=\"strict-origin-when-cross-origin\" allowfullscreen><\/iframe><\/p>\n<table style=\"width: 100%: border: none;\">\n<tbody>\n<tr>\n<td style=\"text-align: left; border: none;\">Bonjour,<\/p>\n<p>Je relaie ici cette d\u00e9couverte majeure qui \u00e0 l&rsquo;instar d&rsquo;autres d\u00e9couvertes commence \u00e0 faire du bruit aussi bien du cot\u00e9 des d\u00e9tracteurs que des passionn\u00e9s.&nbsp; Vrai ou faux tel est la question. Je remercie pleinement&nbsp;<a href=\"http:\/\/www.nurea.tv\" target=\"_blank\" rel=\"noopener noreferrer\">Nur\u00e9a TV<\/a> pour son implication dans cette histoire et surtout pour enfin en parler librement et sans entrave, en tout cas pour le moment. Comme l&rsquo;a dit Thierry Jamin, notre gouvernement sera-t-il capable d&rsquo;accr\u00e9diter la r\u00e9elle existence d&rsquo;\u00eatre non humains sur notre plan\u00e8te si tout cela s&rsquo;av\u00e8re exact car en r\u00e9alit\u00e9 il y a longtemps qu&rsquo;ils sont parmi nous ;-).<\/p>\n<p>Voici un message que j&rsquo;adresse \u00e0 Thierry : \u00ab\u00a0Il y a quelque chose qui m&rsquo;\u00e9tonne beaucoup. Comment se fait-il que vous allez pouvoir annoncer d&rsquo;une fa\u00e7on aussi claire et limpide vos d\u00e9couvertes qui \u00e0 n&rsquo;en pas douter sont extraordinaires surtout vis \u00e0 vis d&rsquo;une de ces races extraterrestres dont je clame l&rsquo;existence depuis plus de 50 ans et que vous ne subissiez pas la pression des gouvernements, des militaires surtout am\u00e9ricaines, des scientifiques bon teint bon genre, des arch\u00e9ologues, des pal\u00e9ontologues qui eux s&rsquo;acharnent par leur \u00e9go d\u00e9mesur\u00e9 \u00e0 verrouiller toute information (qui va \u00e0 l&rsquo;encontre de leur certitude), tout h\u00e9ritage au commun des mortels ou \u00e0 cr\u00e9er des fakes comme sait bien le faire la NASA ou l&rsquo;ESA. Je prends ici, vous l&rsquo;aurez bien compris, l&rsquo;exemple similaire de l&rsquo;\u00c9gypte o\u00f9 une\/des momies ont \u00e9t\u00e9 d\u00e9couvertes sous une des pyramides sans parler des art\u00e9facts. Quand au gouvernement \u00c9gyptien, il refuse cat\u00e9goriquement d&rsquo;accepter que leur civilisation ait \u00e9t\u00e9 construite par une origine non humaine\u00a0\u00bb.<\/p>\n<p>La vid\u00e9o d&rsquo;hier, 11\/07\/2017 \u00e0 17h00, heure fran\u00e7aise (10h00 \u00e0 Lima, P\u00e9rou)<\/p>\n<p>\u00ab Reliques du P\u00e9rou : La Conf\u00e9rence officielle (Traduction du live en fran\u00e7ais) \u00bb<\/p>\n<p>Conf\u00e9rence officielle, depuis le Swissotel \u00e0 Lima au P\u00e9rou, au cours de laquelle il pr\u00e9sentera l\u2019affaire des \u00ab momies de Nasca \u00bb.<\/p>\n<p>Vous pourrez suivre ici en live et en direct la conf\u00e9rence TRADUITE EN FRAN\u00c7AIS.<\/p>\n<p>Pour celles et ceux qui d\u00e9couvrirait ce dossier, voici un lien vers les quatres \u00e9missions passionnantes sur le sujet que nous avons enregistr\u00e9es sur Nur\u00e9a TV avec Thierry Jamin depuis janvier :<\/p>\n<p>\u00ab Les Myst\u00e9rieuses Reliques du P\u00e9rou \u00bb (08\/01\/2017)<br \/>\n<a href=\"http:\/\/www.nurea.tv\/video\/mysterieuse\" target=\"_blank\" rel=\"noopener noreferrer\">http:\/\/www.nurea.tv\/video\/mysterieuse<\/a>&#8230;<br \/>\n\u00ab Les Myst\u00e9rieuses Reliques du P\u00e9rou : Suite de l&rsquo;Enqu\u00eate &#8230; \u00bb (16\/02\/2017)<br \/>\n<a href=\"http:\/\/www.nurea.tv\/video\/reliques-perou-suite-de-lenquete-thierry-jamin\/\" target=\"_blank\" rel=\"noopener noreferrer\">http:\/\/www.nurea.tv\/video\/reliques-pe<\/a>&#8230;<br \/>\n\u00ab Les Myst\u00e9rieuses Reliques du P\u00e9rou : Une \u00e9nigme bient\u00f4t r\u00e9solue ? \u00bb (08\/05\/2017)<br \/>\n<a href=\"http:\/\/www.nurea.tv\/video\/mysterieuses-reliques-perou-enigme-bientot-resolue-thierry-jamin\/\" target=\"_blank\" rel=\"noopener noreferrer\">http:\/\/www.nurea.tv\/video\/mysterieuse<\/a>&#8230;<br \/>\n\u00ab Reliques du P\u00e9rou : Les R\u00e9sultats des Analyses \u00bb avec Thierry Jamin (07\/07\/2017)<br \/>\n<a href=\"http:\/\/www.nurea.tv\/video\/mysterieuses-reliques-perou-enigme-bientot-resolue-thierry-jamin\/\" target=\"_blank\" rel=\"noopener noreferrer\">http:\/\/www.nurea.tv\/video\/momies-pero<\/a>&#8230;<\/p>\n<p>Merci d\u2019avance pour votre pr\u00e9sence lors du direct ainsi que pour vos partages et invitations.<\/p>\n<p>A tr\u00e8s vite !<br \/>\n<a href=\"http:\/\/www.nurea.tv\/\" target=\"_blank\" rel=\"noopener noreferrer\">Nur\u00e9a TV<\/a><\/td>\n<\/tr>\n<\/tbody>\n<\/table>\n","protected":false},"excerpt":{"rendered":"<p>Bonjour, Je relaie ici cette d\u00e9couverte majeure qui \u00e0 l&rsquo;instar d&rsquo;autres d\u00e9couvertes commence \u00e0 faire du bruit aussi bien du [&hellip;]<\/p>\n","protected":false},"author":1,"featured_media":0,"comment_status":"closed","ping_status":"closed","sticky":false,"template":"","format":"standard","meta":{"footnotes":""},"categories":[9],"tags":[],"class_list":["post-1175","post","type-post","status-publish","format-standard","hentry","category-thierry-jamin-un-archeologue-pas-comme-les-autres"],"yoast_head":"<!-- This site is optimized with the Yoast SEO plugin v27.2 - https:\/\/yoast.com\/product\/yoast-seo-wordpress\/ -->\n<title>Conf\u00e9rence officielle sur les reliques du P\u00e9rou le 11\/07\/2017 - Traduction simultan\u00e9e en fran\u00e7ais - ACAMwr<\/title>\n<meta name=\"robots\" content=\"index, follow, max-snippet:-1, max-image-preview:large, max-video-preview:-1\" \/>\n<link rel=\"canonical\" href=\"https:\/\/webradio.ac-am.fr\/index.php\/2017\/07\/12\/title-should-not-overflow-the-content-area\/\" \/>\n<meta property=\"og:locale\" content=\"fr_FR\" \/>\n<meta property=\"og:type\" content=\"article\" \/>\n<meta property=\"og:title\" content=\"Conf\u00e9rence officielle sur les reliques du P\u00e9rou le 11\/07\/2017 - Traduction simultan\u00e9e en fran\u00e7ais - ACAMwr\" \/>\n<meta property=\"og:description\" content=\"Bonjour, Je relaie ici cette d\u00e9couverte majeure qui \u00e0 l&rsquo;instar d&rsquo;autres d\u00e9couvertes commence \u00e0 faire du bruit aussi bien du [&hellip;]\" \/>\n<meta property=\"og:url\" content=\"https:\/\/webradio.ac-am.fr\/index.php\/2017\/07\/12\/title-should-not-overflow-the-content-area\/\" \/>\n<meta property=\"og:site_name\" content=\"ACAMwr\" \/>\n<meta property=\"article:published_time\" content=\"2017-07-12T06:44:59+00:00\" \/>\n<meta property=\"article:modified_time\" content=\"2019-08-01T21:26:19+00:00\" \/>\n<meta name=\"author\" content=\"Claude ACAM\" \/>\n<meta name=\"twitter:card\" content=\"summary_large_image\" \/>\n<meta name=\"twitter:label1\" content=\"\u00c9crit par\" \/>\n\t<meta name=\"twitter:data1\" content=\"Claude ACAM\" \/>\n\t<meta name=\"twitter:label2\" content=\"Dur\u00e9e de lecture estim\u00e9e\" \/>\n\t<meta name=\"twitter:data2\" content=\"2 minutes\" \/>\n<script type=\"application\/ld+json\" class=\"yoast-schema-graph\">{\"@context\":\"https:\/\/schema.org\",\"@graph\":[{\"@type\":\"Article\",\"@id\":\"https:\/\/webradio.ac-am.fr\/index.php\/2017\/07\/12\/title-should-not-overflow-the-content-area\/#article\",\"isPartOf\":{\"@id\":\"https:\/\/webradio.ac-am.fr\/index.php\/2017\/07\/12\/title-should-not-overflow-the-content-area\/\"},\"author\":{\"name\":\"Claude ACAM\",\"@id\":\"https:\/\/webradio.ac-am.fr\/#\/schema\/person\/040dc681778e9280372593043d05ac55\"},\"headline\":\"Conf\u00e9rence officielle sur les reliques du P\u00e9rou le 11\/07\/2017 &#8211; Traduction simultan\u00e9e en fran\u00e7ais\",\"datePublished\":\"2017-07-12T06:44:59+00:00\",\"dateModified\":\"2019-08-01T21:26:19+00:00\",\"mainEntityOfPage\":{\"@id\":\"https:\/\/webradio.ac-am.fr\/index.php\/2017\/07\/12\/title-should-not-overflow-the-content-area\/\"},\"wordCount\":493,\"publisher\":{\"@id\":\"https:\/\/webradio.ac-am.fr\/#\/schema\/person\/040dc681778e9280372593043d05ac55\"},\"articleSection\":[\"Thierry Jamin, un arch\u00e9ologue pas comme les autres !\"],\"inLanguage\":\"fr-FR\"},{\"@type\":\"WebPage\",\"@id\":\"https:\/\/webradio.ac-am.fr\/index.php\/2017\/07\/12\/title-should-not-overflow-the-content-area\/\",\"url\":\"https:\/\/webradio.ac-am.fr\/index.php\/2017\/07\/12\/title-should-not-overflow-the-content-area\/\",\"name\":\"Conf\u00e9rence officielle sur les reliques du P\u00e9rou le 11\/07\/2017 - Traduction simultan\u00e9e en fran\u00e7ais - ACAMwr\",\"isPartOf\":{\"@id\":\"https:\/\/webradio.ac-am.fr\/#website\"},\"datePublished\":\"2017-07-12T06:44:59+00:00\",\"dateModified\":\"2019-08-01T21:26:19+00:00\",\"breadcrumb\":{\"@id\":\"https:\/\/webradio.ac-am.fr\/index.php\/2017\/07\/12\/title-should-not-overflow-the-content-area\/#breadcrumb\"},\"inLanguage\":\"fr-FR\",\"potentialAction\":[{\"@type\":\"ReadAction\",\"target\":[\"https:\/\/webradio.ac-am.fr\/index.php\/2017\/07\/12\/title-should-not-overflow-the-content-area\/\"]}]},{\"@type\":\"BreadcrumbList\",\"@id\":\"https:\/\/webradio.ac-am.fr\/index.php\/2017\/07\/12\/title-should-not-overflow-the-content-area\/#breadcrumb\",\"itemListElement\":[{\"@type\":\"ListItem\",\"position\":1,\"name\":\"Accueil\",\"item\":\"https:\/\/webradio.ac-am.fr\/\"},{\"@type\":\"ListItem\",\"position\":2,\"name\":\"Conf\u00e9rence officielle sur les reliques du P\u00e9rou le 11\/07\/2017 &#8211; Traduction simultan\u00e9e en fran\u00e7ais\"}]},{\"@type\":\"WebSite\",\"@id\":\"https:\/\/webradio.ac-am.fr\/#website\",\"url\":\"https:\/\/webradio.ac-am.fr\/\",\"name\":\"ACAMwr\",\"description\":\"Webradio\",\"publisher\":{\"@id\":\"https:\/\/webradio.ac-am.fr\/#\/schema\/person\/040dc681778e9280372593043d05ac55\"},\"potentialAction\":[{\"@type\":\"SearchAction\",\"target\":{\"@type\":\"EntryPoint\",\"urlTemplate\":\"https:\/\/webradio.ac-am.fr\/?s={search_term_string}\"},\"query-input\":{\"@type\":\"PropertyValueSpecification\",\"valueRequired\":true,\"valueName\":\"search_term_string\"}}],\"inLanguage\":\"fr-FR\"},{\"@type\":[\"Person\",\"Organization\"],\"@id\":\"https:\/\/webradio.ac-am.fr\/#\/schema\/person\/040dc681778e9280372593043d05ac55\",\"name\":\"Claude ACAM\",\"image\":{\"@type\":\"ImageObject\",\"inLanguage\":\"fr-FR\",\"@id\":\"https:\/\/secure.gravatar.com\/avatar\/1fdd18c759fe3f24bdec86ace860d5560fdd7598b71f43ba8ea69b6732ad68e7?s=96&r=g\",\"url\":\"https:\/\/secure.gravatar.com\/avatar\/1fdd18c759fe3f24bdec86ace860d5560fdd7598b71f43ba8ea69b6732ad68e7?s=96&r=g\",\"contentUrl\":\"https:\/\/secure.gravatar.com\/avatar\/1fdd18c759fe3f24bdec86ace860d5560fdd7598b71f43ba8ea69b6732ad68e7?s=96&r=g\",\"caption\":\"Claude ACAM\"},\"logo\":{\"@id\":\"https:\/\/secure.gravatar.com\/avatar\/1fdd18c759fe3f24bdec86ace860d5560fdd7598b71f43ba8ea69b6732ad68e7?s=96&r=g\"}}]}<\/script>\n<!-- \/ Yoast SEO plugin. -->","yoast_head_json":{"title":"Conf\u00e9rence officielle sur les reliques du P\u00e9rou le 11\/07\/2017 - Traduction simultan\u00e9e en fran\u00e7ais - ACAMwr","robots":{"index":"index","follow":"follow","max-snippet":"max-snippet:-1","max-image-preview":"max-image-preview:large","max-video-preview":"max-video-preview:-1"},"canonical":"https:\/\/webradio.ac-am.fr\/index.php\/2017\/07\/12\/title-should-not-overflow-the-content-area\/","og_locale":"fr_FR","og_type":"article","og_title":"Conf\u00e9rence officielle sur les reliques du P\u00e9rou le 11\/07\/2017 - Traduction simultan\u00e9e en fran\u00e7ais - ACAMwr","og_description":"Bonjour, Je relaie ici cette d\u00e9couverte majeure qui \u00e0 l&rsquo;instar d&rsquo;autres d\u00e9couvertes commence \u00e0 faire du bruit aussi bien du [&hellip;]","og_url":"https:\/\/webradio.ac-am.fr\/index.php\/2017\/07\/12\/title-should-not-overflow-the-content-area\/","og_site_name":"ACAMwr","article_published_time":"2017-07-12T06:44:59+00:00","article_modified_time":"2019-08-01T21:26:19+00:00","author":"Claude ACAM","twitter_card":"summary_large_image","twitter_misc":{"\u00c9crit par":"Claude ACAM","Dur\u00e9e de lecture estim\u00e9e":"2 minutes"},"schema":{"@context":"https:\/\/schema.org","@graph":[{"@type":"Article","@id":"https:\/\/webradio.ac-am.fr\/index.php\/2017\/07\/12\/title-should-not-overflow-the-content-area\/#article","isPartOf":{"@id":"https:\/\/webradio.ac-am.fr\/index.php\/2017\/07\/12\/title-should-not-overflow-the-content-area\/"},"author":{"name":"Claude ACAM","@id":"https:\/\/webradio.ac-am.fr\/#\/schema\/person\/040dc681778e9280372593043d05ac55"},"headline":"Conf\u00e9rence officielle sur les reliques du P\u00e9rou le 11\/07\/2017 &#8211; Traduction simultan\u00e9e en fran\u00e7ais","datePublished":"2017-07-12T06:44:59+00:00","dateModified":"2019-08-01T21:26:19+00:00","mainEntityOfPage":{"@id":"https:\/\/webradio.ac-am.fr\/index.php\/2017\/07\/12\/title-should-not-overflow-the-content-area\/"},"wordCount":493,"publisher":{"@id":"https:\/\/webradio.ac-am.fr\/#\/schema\/person\/040dc681778e9280372593043d05ac55"},"articleSection":["Thierry Jamin, un arch\u00e9ologue pas comme les autres !"],"inLanguage":"fr-FR"},{"@type":"WebPage","@id":"https:\/\/webradio.ac-am.fr\/index.php\/2017\/07\/12\/title-should-not-overflow-the-content-area\/","url":"https:\/\/webradio.ac-am.fr\/index.php\/2017\/07\/12\/title-should-not-overflow-the-content-area\/","name":"Conf\u00e9rence officielle sur les reliques du P\u00e9rou le 11\/07\/2017 - Traduction simultan\u00e9e en fran\u00e7ais - ACAMwr","isPartOf":{"@id":"https:\/\/webradio.ac-am.fr\/#website"},"datePublished":"2017-07-12T06:44:59+00:00","dateModified":"2019-08-01T21:26:19+00:00","breadcrumb":{"@id":"https:\/\/webradio.ac-am.fr\/index.php\/2017\/07\/12\/title-should-not-overflow-the-content-area\/#breadcrumb"},"inLanguage":"fr-FR","potentialAction":[{"@type":"ReadAction","target":["https:\/\/webradio.ac-am.fr\/index.php\/2017\/07\/12\/title-should-not-overflow-the-content-area\/"]}]},{"@type":"BreadcrumbList","@id":"https:\/\/webradio.ac-am.fr\/index.php\/2017\/07\/12\/title-should-not-overflow-the-content-area\/#breadcrumb","itemListElement":[{"@type":"ListItem","position":1,"name":"Accueil","item":"https:\/\/webradio.ac-am.fr\/"},{"@type":"ListItem","position":2,"name":"Conf\u00e9rence officielle sur les reliques du P\u00e9rou le 11\/07\/2017 &#8211; Traduction simultan\u00e9e en fran\u00e7ais"}]},{"@type":"WebSite","@id":"https:\/\/webradio.ac-am.fr\/#website","url":"https:\/\/webradio.ac-am.fr\/","name":"ACAMwr","description":"Webradio","publisher":{"@id":"https:\/\/webradio.ac-am.fr\/#\/schema\/person\/040dc681778e9280372593043d05ac55"},"potentialAction":[{"@type":"SearchAction","target":{"@type":"EntryPoint","urlTemplate":"https:\/\/webradio.ac-am.fr\/?s={search_term_string}"},"query-input":{"@type":"PropertyValueSpecification","valueRequired":true,"valueName":"search_term_string"}}],"inLanguage":"fr-FR"},{"@type":["Person","Organization"],"@id":"https:\/\/webradio.ac-am.fr\/#\/schema\/person\/040dc681778e9280372593043d05ac55","name":"Claude ACAM","image":{"@type":"ImageObject","inLanguage":"fr-FR","@id":"https:\/\/secure.gravatar.com\/avatar\/1fdd18c759fe3f24bdec86ace860d5560fdd7598b71f43ba8ea69b6732ad68e7?s=96&r=g","url":"https:\/\/secure.gravatar.com\/avatar\/1fdd18c759fe3f24bdec86ace860d5560fdd7598b71f43ba8ea69b6732ad68e7?s=96&r=g","contentUrl":"https:\/\/secure.gravatar.com\/avatar\/1fdd18c759fe3f24bdec86ace860d5560fdd7598b71f43ba8ea69b6732ad68e7?s=96&r=g","caption":"Claude ACAM"},"logo":{"@id":"https:\/\/secure.gravatar.com\/avatar\/1fdd18c759fe3f24bdec86ace860d5560fdd7598b71f43ba8ea69b6732ad68e7?s=96&r=g"}}]}},"_links":{"self":[{"href":"https:\/\/webradio.ac-am.fr\/index.php\/wp-json\/wp\/v2\/posts\/1175","targetHints":{"allow":["GET"]}}],"collection":[{"href":"https:\/\/webradio.ac-am.fr\/index.php\/wp-json\/wp\/v2\/posts"}],"about":[{"href":"https:\/\/webradio.ac-am.fr\/index.php\/wp-json\/wp\/v2\/types\/post"}],"author":[{"embeddable":true,"href":"https:\/\/webradio.ac-am.fr\/index.php\/wp-json\/wp\/v2\/users\/1"}],"replies":[{"embeddable":true,"href":"https:\/\/webradio.ac-am.fr\/index.php\/wp-json\/wp\/v2\/comments?post=1175"}],"version-history":[{"count":2,"href":"https:\/\/webradio.ac-am.fr\/index.php\/wp-json\/wp\/v2\/posts\/1175\/revisions"}],"predecessor-version":[{"id":2238,"href":"https:\/\/webradio.ac-am.fr\/index.php\/wp-json\/wp\/v2\/posts\/1175\/revisions\/2238"}],"wp:attachment":[{"href":"https:\/\/webradio.ac-am.fr\/index.php\/wp-json\/wp\/v2\/media?parent=1175"}],"wp:term":[{"taxonomy":"category","embeddable":true,"href":"https:\/\/webradio.ac-am.fr\/index.php\/wp-json\/wp\/v2\/categories?post=1175"},{"taxonomy":"post_tag","embeddable":true,"href":"https:\/\/webradio.ac-am.fr\/index.php\/wp-json\/wp\/v2\/tags?post=1175"}],"curies":[{"name":"wp","href":"https:\/\/api.w.org\/{rel}","templated":true}]}}