{"id":131,"date":"2010-02-03T09:59:03","date_gmt":"2010-02-03T08:59:03","guid":{"rendered":"http:\/\/ljbf.hd.free.fr:5040\/?p=131"},"modified":"2023-08-05T18:27:41","modified_gmt":"2023-08-05T16:27:41","slug":"la-nasa-episode-i-vous-croyez-que-les-astronautes-ne-voient-rien-eh-bien-regardez","status":"publish","type":"post","link":"https:\/\/webradio.ac-am.fr\/index.php\/2010\/02\/03\/la-nasa-episode-i-vous-croyez-que-les-astronautes-ne-voient-rien-eh-bien-regardez\/","title":{"rendered":"La NASA &#8211; Episode I : Vous croyez que les astronautes ne voient rien ? Eh bien ! Regardez&#8230;"},"content":{"rendered":"\n<figure class=\"wp-block-video\"><video controls src=\"https:\/\/videos.ac-am.fr\/Items\/7d6c507ca234375f3c8585ad6bc548f7\/Download?api_key=67b0bb80b6bf475998b24ccf1bd84219\"><\/video><\/figure>\n\n\n<table style=\"width: 100%: border: none;\">\n<tbody>\n<tr>\n<td style=\"text-align: left; border: none;\">Voici une vid\u00e9o (d&rsquo;ovni ?) provenant de la mission STS-48 qui eut lieu en septembre 1991. Enregistr\u00e9e par la cam\u00e9ra embarqu\u00e9e \u00e0 bord de la navette Discovery, cette sc\u00e8ne nous montre plusieurs vaisseaux se d\u00e9pla\u00e7ant \u00e0 tr\u00e8s grande vitesse dans notre atmosph\u00e8re. On peut observer \u00e9galement ce qui semble \u00eatre des tirs provenant de la terre et allant dans leur direction. Dans les meilleures copies vid\u00e9o de cet \u00e9v\u00e9nement, on remarque m\u00eame qu&rsquo;un de ces tirs essait de frappe un ovni de plein fouet. De quoi s&rsquo;agit-il en r\u00e9alit\u00e9 ? Est-ce la preuve de l&rsquo;existence d&rsquo;une arme secr\u00e8te de type \u00ab\u00a0Guerre des \u00e9toiles\u00a0\u00bb et la d\u00e9monstration de son efficacit\u00e9 ? Ou s&rsquo;agit-il simplement de poussi\u00e8res cosmiques film\u00e9es par la navette, comme semble vouloir le faire croire la Nasa ? Regardez donc cette vid\u00e9o et faites-vous votre propre opinion&#8230; (www.ac-am.fr)<\/td>\n<\/tr>\n<\/tbody>\n<\/table>","protected":false},"excerpt":{"rendered":"<p>Voici une vid\u00e9o (d&rsquo;ovni ?) provenant de la mission STS-48 qui eut lieu en septembre 1991. Enregistr\u00e9e par la cam\u00e9ra [&hellip;]<\/p>\n","protected":false},"author":1,"featured_media":0,"comment_status":"open","ping_status":"open","sticky":false,"template":"","format":"standard","meta":{"footnotes":""},"categories":[261],"tags":[296,297,279,264,298,285],"class_list":["post-131","post","type-post","status-publish","format-standard","hentry","category-ovnis","tag-discovery","tag-guerre-des-etoiles","tag-mission","tag-nasa","tag-sts-48","tag-video"],"yoast_head":"<!-- This site is optimized with the Yoast SEO plugin v27.2 - https:\/\/yoast.com\/product\/yoast-seo-wordpress\/ -->\n<title>La NASA - Episode I : Vous croyez que les astronautes.... - ACAMwr<\/title>\n<meta name=\"description\" content=\"Dans les meilleures copies vid\u00e9o de cet \u00e9v\u00e9nement, on remarque m\u00eame qu&#039;un de ces tirs frappe un ovni de plein fouet.\" \/>\n<meta name=\"robots\" content=\"index, follow, max-snippet:-1, max-image-preview:large, max-video-preview:-1\" \/>\n<link rel=\"canonical\" href=\"https:\/\/webradio.ac-am.fr\/index.php\/2010\/02\/03\/la-nasa-episode-i-vous-croyez-que-les-astronautes-ne-voient-rien-eh-bien-regardez\/\" \/>\n<meta property=\"og:locale\" content=\"fr_FR\" \/>\n<meta property=\"og:type\" content=\"article\" \/>\n<meta property=\"og:title\" content=\"La NASA - Episode I : Vous croyez que les astronautes.... - ACAMwr\" \/>\n<meta property=\"og:description\" content=\"Dans les meilleures copies vid\u00e9o de cet \u00e9v\u00e9nement, on remarque m\u00eame qu&#039;un de ces tirs frappe un ovni de plein fouet.\" \/>\n<meta property=\"og:url\" content=\"https:\/\/webradio.ac-am.fr\/index.php\/2010\/02\/03\/la-nasa-episode-i-vous-croyez-que-les-astronautes-ne-voient-rien-eh-bien-regardez\/\" \/>\n<meta property=\"og:site_name\" content=\"ACAMwr\" \/>\n<meta property=\"article:published_time\" content=\"2010-02-03T08:59:03+00:00\" \/>\n<meta property=\"article:modified_time\" content=\"2023-08-05T16:27:41+00:00\" \/>\n<meta name=\"author\" content=\"Claude ACAM\" \/>\n<meta name=\"twitter:card\" content=\"summary_large_image\" \/>\n<meta name=\"twitter:label1\" content=\"\u00c9crit par\" \/>\n\t<meta name=\"twitter:data1\" content=\"Claude ACAM\" \/>\n\t<meta name=\"twitter:label2\" content=\"Dur\u00e9e de lecture estim\u00e9e\" \/>\n\t<meta name=\"twitter:data2\" content=\"1 minute\" \/>\n<script type=\"application\/ld+json\" class=\"yoast-schema-graph\">{\"@context\":\"https:\/\/schema.org\",\"@graph\":[{\"@type\":\"Article\",\"@id\":\"https:\/\/webradio.ac-am.fr\/index.php\/2010\/02\/03\/la-nasa-episode-i-vous-croyez-que-les-astronautes-ne-voient-rien-eh-bien-regardez\/#article\",\"isPartOf\":{\"@id\":\"https:\/\/webradio.ac-am.fr\/index.php\/2010\/02\/03\/la-nasa-episode-i-vous-croyez-que-les-astronautes-ne-voient-rien-eh-bien-regardez\/\"},\"author\":{\"name\":\"Claude ACAM\",\"@id\":\"https:\/\/webradio.ac-am.fr\/#\/schema\/person\/040dc681778e9280372593043d05ac55\"},\"headline\":\"La NASA &#8211; Episode I : Vous croyez que les astronautes ne voient rien ? Eh bien ! Regardez&#8230;\",\"datePublished\":\"2010-02-03T08:59:03+00:00\",\"dateModified\":\"2023-08-05T16:27:41+00:00\",\"mainEntityOfPage\":{\"@id\":\"https:\/\/webradio.ac-am.fr\/index.php\/2010\/02\/03\/la-nasa-episode-i-vous-croyez-que-les-astronautes-ne-voient-rien-eh-bien-regardez\/\"},\"wordCount\":168,\"commentCount\":0,\"publisher\":{\"@id\":\"https:\/\/webradio.ac-am.fr\/#\/schema\/person\/040dc681778e9280372593043d05ac55\"},\"keywords\":[\"Discovery\",\"guerre des \u00e9toiles\",\"mission\",\"NASA\",\"STS-48\",\"vid\u00e9o\"],\"articleSection\":[\"Extraterrestres\/OVNIS\"],\"inLanguage\":\"fr-FR\",\"potentialAction\":[{\"@type\":\"CommentAction\",\"name\":\"Comment\",\"target\":[\"https:\/\/webradio.ac-am.fr\/index.php\/2010\/02\/03\/la-nasa-episode-i-vous-croyez-que-les-astronautes-ne-voient-rien-eh-bien-regardez\/#respond\"]}]},{\"@type\":\"WebPage\",\"@id\":\"https:\/\/webradio.ac-am.fr\/index.php\/2010\/02\/03\/la-nasa-episode-i-vous-croyez-que-les-astronautes-ne-voient-rien-eh-bien-regardez\/\",\"url\":\"https:\/\/webradio.ac-am.fr\/index.php\/2010\/02\/03\/la-nasa-episode-i-vous-croyez-que-les-astronautes-ne-voient-rien-eh-bien-regardez\/\",\"name\":\"La NASA - Episode I : Vous croyez que les astronautes.... - ACAMwr\",\"isPartOf\":{\"@id\":\"https:\/\/webradio.ac-am.fr\/#website\"},\"datePublished\":\"2010-02-03T08:59:03+00:00\",\"dateModified\":\"2023-08-05T16:27:41+00:00\",\"description\":\"Dans les meilleures copies vid\u00e9o de cet \u00e9v\u00e9nement, on remarque m\u00eame qu'un de ces tirs frappe un ovni de plein fouet.\",\"breadcrumb\":{\"@id\":\"https:\/\/webradio.ac-am.fr\/index.php\/2010\/02\/03\/la-nasa-episode-i-vous-croyez-que-les-astronautes-ne-voient-rien-eh-bien-regardez\/#breadcrumb\"},\"inLanguage\":\"fr-FR\",\"potentialAction\":[{\"@type\":\"ReadAction\",\"target\":[\"https:\/\/webradio.ac-am.fr\/index.php\/2010\/02\/03\/la-nasa-episode-i-vous-croyez-que-les-astronautes-ne-voient-rien-eh-bien-regardez\/\"]}]},{\"@type\":\"BreadcrumbList\",\"@id\":\"https:\/\/webradio.ac-am.fr\/index.php\/2010\/02\/03\/la-nasa-episode-i-vous-croyez-que-les-astronautes-ne-voient-rien-eh-bien-regardez\/#breadcrumb\",\"itemListElement\":[{\"@type\":\"ListItem\",\"position\":1,\"name\":\"Accueil\",\"item\":\"https:\/\/webradio.ac-am.fr\/\"},{\"@type\":\"ListItem\",\"position\":2,\"name\":\"La NASA &#8211; Episode I : Vous croyez que les astronautes ne voient rien ? Eh bien ! Regardez&#8230;\"}]},{\"@type\":\"WebSite\",\"@id\":\"https:\/\/webradio.ac-am.fr\/#website\",\"url\":\"https:\/\/webradio.ac-am.fr\/\",\"name\":\"ACAMwr\",\"description\":\"Webradio\",\"publisher\":{\"@id\":\"https:\/\/webradio.ac-am.fr\/#\/schema\/person\/040dc681778e9280372593043d05ac55\"},\"potentialAction\":[{\"@type\":\"SearchAction\",\"target\":{\"@type\":\"EntryPoint\",\"urlTemplate\":\"https:\/\/webradio.ac-am.fr\/?s={search_term_string}\"},\"query-input\":{\"@type\":\"PropertyValueSpecification\",\"valueRequired\":true,\"valueName\":\"search_term_string\"}}],\"inLanguage\":\"fr-FR\"},{\"@type\":[\"Person\",\"Organization\"],\"@id\":\"https:\/\/webradio.ac-am.fr\/#\/schema\/person\/040dc681778e9280372593043d05ac55\",\"name\":\"Claude ACAM\",\"image\":{\"@type\":\"ImageObject\",\"inLanguage\":\"fr-FR\",\"@id\":\"https:\/\/secure.gravatar.com\/avatar\/1fdd18c759fe3f24bdec86ace860d5560fdd7598b71f43ba8ea69b6732ad68e7?s=96&r=g\",\"url\":\"https:\/\/secure.gravatar.com\/avatar\/1fdd18c759fe3f24bdec86ace860d5560fdd7598b71f43ba8ea69b6732ad68e7?s=96&r=g\",\"contentUrl\":\"https:\/\/secure.gravatar.com\/avatar\/1fdd18c759fe3f24bdec86ace860d5560fdd7598b71f43ba8ea69b6732ad68e7?s=96&r=g\",\"caption\":\"Claude ACAM\"},\"logo\":{\"@id\":\"https:\/\/secure.gravatar.com\/avatar\/1fdd18c759fe3f24bdec86ace860d5560fdd7598b71f43ba8ea69b6732ad68e7?s=96&r=g\"}}]}<\/script>\n<!-- \/ Yoast SEO plugin. -->","yoast_head_json":{"title":"La NASA - Episode I : Vous croyez que les astronautes.... - ACAMwr","description":"Dans les meilleures copies vid\u00e9o de cet \u00e9v\u00e9nement, on remarque m\u00eame qu'un de ces tirs frappe un ovni de plein fouet.","robots":{"index":"index","follow":"follow","max-snippet":"max-snippet:-1","max-image-preview":"max-image-preview:large","max-video-preview":"max-video-preview:-1"},"canonical":"https:\/\/webradio.ac-am.fr\/index.php\/2010\/02\/03\/la-nasa-episode-i-vous-croyez-que-les-astronautes-ne-voient-rien-eh-bien-regardez\/","og_locale":"fr_FR","og_type":"article","og_title":"La NASA - Episode I : Vous croyez que les astronautes.... - ACAMwr","og_description":"Dans les meilleures copies vid\u00e9o de cet \u00e9v\u00e9nement, on remarque m\u00eame qu'un de ces tirs frappe un ovni de plein fouet.","og_url":"https:\/\/webradio.ac-am.fr\/index.php\/2010\/02\/03\/la-nasa-episode-i-vous-croyez-que-les-astronautes-ne-voient-rien-eh-bien-regardez\/","og_site_name":"ACAMwr","article_published_time":"2010-02-03T08:59:03+00:00","article_modified_time":"2023-08-05T16:27:41+00:00","author":"Claude ACAM","twitter_card":"summary_large_image","twitter_misc":{"\u00c9crit par":"Claude ACAM","Dur\u00e9e de lecture estim\u00e9e":"1 minute"},"schema":{"@context":"https:\/\/schema.org","@graph":[{"@type":"Article","@id":"https:\/\/webradio.ac-am.fr\/index.php\/2010\/02\/03\/la-nasa-episode-i-vous-croyez-que-les-astronautes-ne-voient-rien-eh-bien-regardez\/#article","isPartOf":{"@id":"https:\/\/webradio.ac-am.fr\/index.php\/2010\/02\/03\/la-nasa-episode-i-vous-croyez-que-les-astronautes-ne-voient-rien-eh-bien-regardez\/"},"author":{"name":"Claude ACAM","@id":"https:\/\/webradio.ac-am.fr\/#\/schema\/person\/040dc681778e9280372593043d05ac55"},"headline":"La NASA &#8211; Episode I : Vous croyez que les astronautes ne voient rien ? Eh bien ! Regardez&#8230;","datePublished":"2010-02-03T08:59:03+00:00","dateModified":"2023-08-05T16:27:41+00:00","mainEntityOfPage":{"@id":"https:\/\/webradio.ac-am.fr\/index.php\/2010\/02\/03\/la-nasa-episode-i-vous-croyez-que-les-astronautes-ne-voient-rien-eh-bien-regardez\/"},"wordCount":168,"commentCount":0,"publisher":{"@id":"https:\/\/webradio.ac-am.fr\/#\/schema\/person\/040dc681778e9280372593043d05ac55"},"keywords":["Discovery","guerre des \u00e9toiles","mission","NASA","STS-48","vid\u00e9o"],"articleSection":["Extraterrestres\/OVNIS"],"inLanguage":"fr-FR","potentialAction":[{"@type":"CommentAction","name":"Comment","target":["https:\/\/webradio.ac-am.fr\/index.php\/2010\/02\/03\/la-nasa-episode-i-vous-croyez-que-les-astronautes-ne-voient-rien-eh-bien-regardez\/#respond"]}]},{"@type":"WebPage","@id":"https:\/\/webradio.ac-am.fr\/index.php\/2010\/02\/03\/la-nasa-episode-i-vous-croyez-que-les-astronautes-ne-voient-rien-eh-bien-regardez\/","url":"https:\/\/webradio.ac-am.fr\/index.php\/2010\/02\/03\/la-nasa-episode-i-vous-croyez-que-les-astronautes-ne-voient-rien-eh-bien-regardez\/","name":"La NASA - Episode I : Vous croyez que les astronautes.... - ACAMwr","isPartOf":{"@id":"https:\/\/webradio.ac-am.fr\/#website"},"datePublished":"2010-02-03T08:59:03+00:00","dateModified":"2023-08-05T16:27:41+00:00","description":"Dans les meilleures copies vid\u00e9o de cet \u00e9v\u00e9nement, on remarque m\u00eame qu'un de ces tirs frappe un ovni de plein fouet.","breadcrumb":{"@id":"https:\/\/webradio.ac-am.fr\/index.php\/2010\/02\/03\/la-nasa-episode-i-vous-croyez-que-les-astronautes-ne-voient-rien-eh-bien-regardez\/#breadcrumb"},"inLanguage":"fr-FR","potentialAction":[{"@type":"ReadAction","target":["https:\/\/webradio.ac-am.fr\/index.php\/2010\/02\/03\/la-nasa-episode-i-vous-croyez-que-les-astronautes-ne-voient-rien-eh-bien-regardez\/"]}]},{"@type":"BreadcrumbList","@id":"https:\/\/webradio.ac-am.fr\/index.php\/2010\/02\/03\/la-nasa-episode-i-vous-croyez-que-les-astronautes-ne-voient-rien-eh-bien-regardez\/#breadcrumb","itemListElement":[{"@type":"ListItem","position":1,"name":"Accueil","item":"https:\/\/webradio.ac-am.fr\/"},{"@type":"ListItem","position":2,"name":"La NASA &#8211; Episode I : Vous croyez que les astronautes ne voient rien ? Eh bien ! Regardez&#8230;"}]},{"@type":"WebSite","@id":"https:\/\/webradio.ac-am.fr\/#website","url":"https:\/\/webradio.ac-am.fr\/","name":"ACAMwr","description":"Webradio","publisher":{"@id":"https:\/\/webradio.ac-am.fr\/#\/schema\/person\/040dc681778e9280372593043d05ac55"},"potentialAction":[{"@type":"SearchAction","target":{"@type":"EntryPoint","urlTemplate":"https:\/\/webradio.ac-am.fr\/?s={search_term_string}"},"query-input":{"@type":"PropertyValueSpecification","valueRequired":true,"valueName":"search_term_string"}}],"inLanguage":"fr-FR"},{"@type":["Person","Organization"],"@id":"https:\/\/webradio.ac-am.fr\/#\/schema\/person\/040dc681778e9280372593043d05ac55","name":"Claude ACAM","image":{"@type":"ImageObject","inLanguage":"fr-FR","@id":"https:\/\/secure.gravatar.com\/avatar\/1fdd18c759fe3f24bdec86ace860d5560fdd7598b71f43ba8ea69b6732ad68e7?s=96&r=g","url":"https:\/\/secure.gravatar.com\/avatar\/1fdd18c759fe3f24bdec86ace860d5560fdd7598b71f43ba8ea69b6732ad68e7?s=96&r=g","contentUrl":"https:\/\/secure.gravatar.com\/avatar\/1fdd18c759fe3f24bdec86ace860d5560fdd7598b71f43ba8ea69b6732ad68e7?s=96&r=g","caption":"Claude ACAM"},"logo":{"@id":"https:\/\/secure.gravatar.com\/avatar\/1fdd18c759fe3f24bdec86ace860d5560fdd7598b71f43ba8ea69b6732ad68e7?s=96&r=g"}}]}},"_links":{"self":[{"href":"https:\/\/webradio.ac-am.fr\/index.php\/wp-json\/wp\/v2\/posts\/131","targetHints":{"allow":["GET"]}}],"collection":[{"href":"https:\/\/webradio.ac-am.fr\/index.php\/wp-json\/wp\/v2\/posts"}],"about":[{"href":"https:\/\/webradio.ac-am.fr\/index.php\/wp-json\/wp\/v2\/types\/post"}],"author":[{"embeddable":true,"href":"https:\/\/webradio.ac-am.fr\/index.php\/wp-json\/wp\/v2\/users\/1"}],"replies":[{"embeddable":true,"href":"https:\/\/webradio.ac-am.fr\/index.php\/wp-json\/wp\/v2\/comments?post=131"}],"version-history":[{"count":4,"href":"https:\/\/webradio.ac-am.fr\/index.php\/wp-json\/wp\/v2\/posts\/131\/revisions"}],"predecessor-version":[{"id":3155,"href":"https:\/\/webradio.ac-am.fr\/index.php\/wp-json\/wp\/v2\/posts\/131\/revisions\/3155"}],"wp:attachment":[{"href":"https:\/\/webradio.ac-am.fr\/index.php\/wp-json\/wp\/v2\/media?parent=131"}],"wp:term":[{"taxonomy":"category","embeddable":true,"href":"https:\/\/webradio.ac-am.fr\/index.php\/wp-json\/wp\/v2\/categories?post=131"},{"taxonomy":"post_tag","embeddable":true,"href":"https:\/\/webradio.ac-am.fr\/index.php\/wp-json\/wp\/v2\/tags?post=131"}],"curies":[{"name":"wp","href":"https:\/\/api.w.org\/{rel}","templated":true}]}}