{"id":133,"date":"2010-02-03T10:04:40","date_gmt":"2010-02-03T09:04:40","guid":{"rendered":"http:\/\/ljbf.hd.free.fr:5040\/?p=133"},"modified":"2023-08-05T18:17:12","modified_gmt":"2023-08-05T16:17:12","slug":"la-nasa-episode-ii-vous-croyez-que-les-astronautes-ne-voient-rien-eh-bien-regardez-encore","status":"publish","type":"post","link":"https:\/\/webradio.ac-am.fr\/index.php\/2010\/02\/03\/la-nasa-episode-ii-vous-croyez-que-les-astronautes-ne-voient-rien-eh-bien-regardez-encore\/","title":{"rendered":"LA NASA &#8211; \u00c9pisode II: Vous croyez que les astronautes ne voient rien ? Eh bien, regardez encore&#8230;"},"content":{"rendered":"\n<figure class=\"wp-block-video\"><video controls src=\"https:\/\/videos.ac-am.fr\/Items\/381619a9c0491ffc3ec194f53768cd0b\/Download?api_key=67b0bb80b6bf475998b24ccf1bd84219\"><\/video><\/figure>\n\n\n<table style=\"width: 100%: border: none;\">\n<tbody>\n<tr>\n<td style=\"text-align: left; border: none;\">Une vid\u00e9o particuli\u00e8rement int\u00e9ressante, que nous devons une fois de plus \u00e0 la NASA. Cette sc\u00e8ne a \u00e9t\u00e9 enregistr\u00e9e depuis l&rsquo;espace par la navette spatiale Columbia, durant la mission STS-80. La navette passe au-dessus d&rsquo;un violent orage &#8211; \u00e0 moins qu&rsquo;il ne s&rsquo;agisse d&rsquo;une pluie de L\u00e9onides. Nous sommes le 1er d\u00e9cembre 1996, c&rsquo;est le treizi\u00e8me jour de la mission. On peut apercevoir un grand nombre d&rsquo;objets inconnus sur cette vid\u00e9o : ils ne semblent \u00eatre ni des villes illumin\u00e9es, ni des \u00e9toiles, ni des satellites. Il y en a une douzaine dans l&rsquo;image. L&rsquo;un d&rsquo;eux, principalement, attire notre attention. Les autres vont et viennent autour de lui. Il s&rsquo;approche de la terre. Il irradie soudain la lumi\u00e8re et se transforme en immense sph\u00e8re, puis se stabilise dans la haute atmosph\u00e8re comme s&rsquo;il se pla\u00e7ait doucement en orbite. Les autres objets peuvent \u00eatre vus au-dessous des nuages, en pleine ascension. Tous se d\u00e9placent \u00e0 vitesse constante, tandis que s&rsquo;agrandit le zoom de la cam\u00e9ra. Puis appara\u00eet une autre \u00ab\u00a0sph\u00e8re\u00a0\u00bb brillante. C&rsquo;est franchement bizarre, et la Nasa est rest\u00e9e tr\u00e8s discr\u00e8te \u00e0 propos de ce document. Regardez donc l&rsquo;enregistrement complet de la sc\u00e8ne&#8230; (www.ac-am.fr)<\/td>\n<\/tr>\n<\/tbody>\n<\/table>","protected":false},"excerpt":{"rendered":"<p>Une vid\u00e9o particuli\u00e8rement int\u00e9ressante, que nous devons une fois de plus \u00e0 la NASA. Cette sc\u00e8ne a \u00e9t\u00e9 enregistr\u00e9e depuis [&hellip;]<\/p>\n","protected":false},"author":1,"featured_media":0,"comment_status":"open","ping_status":"open","sticky":false,"template":"","format":"standard","meta":{"footnotes":""},"categories":[261],"tags":[260,299,264,300,267],"class_list":["post-133","post","type-post","status-publish","format-standard","hentry","category-ovnis","tag-astronautes","tag-columbia","tag-nasa","tag-sts-80","tag-terre"],"yoast_head":"<!-- This site is optimized with the Yoast SEO plugin v27.2 - https:\/\/yoast.com\/product\/yoast-seo-wordpress\/ -->\n<title>LA NASA - \u00c9pisode II: Vous croyez que les astronautes... - ACAMwr<\/title>\n<meta name=\"description\" content=\"La navette passe au-dessus d&#039;un violent orage - \u00e0 moins qu&#039;il ne s&#039;agisse d&#039;une pluie de L\u00e9onides. Nous sommes le 1er d\u00e9cembre 1996...\" \/>\n<meta name=\"robots\" content=\"index, follow, max-snippet:-1, max-image-preview:large, max-video-preview:-1\" \/>\n<link rel=\"canonical\" href=\"https:\/\/webradio.ac-am.fr\/index.php\/2010\/02\/03\/la-nasa-episode-ii-vous-croyez-que-les-astronautes-ne-voient-rien-eh-bien-regardez-encore\/\" \/>\n<meta property=\"og:locale\" content=\"fr_FR\" \/>\n<meta property=\"og:type\" content=\"article\" \/>\n<meta property=\"og:title\" content=\"LA NASA - \u00c9pisode II: Vous croyez que les astronautes... - ACAMwr\" \/>\n<meta property=\"og:description\" content=\"La navette passe au-dessus d&#039;un violent orage - \u00e0 moins qu&#039;il ne s&#039;agisse d&#039;une pluie de L\u00e9onides. Nous sommes le 1er d\u00e9cembre 1996...\" \/>\n<meta property=\"og:url\" content=\"https:\/\/webradio.ac-am.fr\/index.php\/2010\/02\/03\/la-nasa-episode-ii-vous-croyez-que-les-astronautes-ne-voient-rien-eh-bien-regardez-encore\/\" \/>\n<meta property=\"og:site_name\" content=\"ACAMwr\" \/>\n<meta property=\"article:published_time\" content=\"2010-02-03T09:04:40+00:00\" \/>\n<meta property=\"article:modified_time\" content=\"2023-08-05T16:17:12+00:00\" \/>\n<meta name=\"author\" content=\"Claude ACAM\" \/>\n<meta name=\"twitter:card\" content=\"summary_large_image\" \/>\n<meta name=\"twitter:label1\" content=\"\u00c9crit par\" \/>\n\t<meta name=\"twitter:data1\" content=\"Claude ACAM\" \/>\n\t<meta name=\"twitter:label2\" content=\"Dur\u00e9e de lecture estim\u00e9e\" \/>\n\t<meta name=\"twitter:data2\" content=\"1 minute\" \/>\n<script type=\"application\/ld+json\" class=\"yoast-schema-graph\">{\"@context\":\"https:\/\/schema.org\",\"@graph\":[{\"@type\":\"Article\",\"@id\":\"https:\/\/webradio.ac-am.fr\/index.php\/2010\/02\/03\/la-nasa-episode-ii-vous-croyez-que-les-astronautes-ne-voient-rien-eh-bien-regardez-encore\/#article\",\"isPartOf\":{\"@id\":\"https:\/\/webradio.ac-am.fr\/index.php\/2010\/02\/03\/la-nasa-episode-ii-vous-croyez-que-les-astronautes-ne-voient-rien-eh-bien-regardez-encore\/\"},\"author\":{\"name\":\"Claude ACAM\",\"@id\":\"https:\/\/webradio.ac-am.fr\/#\/schema\/person\/040dc681778e9280372593043d05ac55\"},\"headline\":\"LA NASA &#8211; \u00c9pisode II: Vous croyez que les astronautes ne voient rien ? Eh bien, regardez encore&#8230;\",\"datePublished\":\"2010-02-03T09:04:40+00:00\",\"dateModified\":\"2023-08-05T16:17:12+00:00\",\"mainEntityOfPage\":{\"@id\":\"https:\/\/webradio.ac-am.fr\/index.php\/2010\/02\/03\/la-nasa-episode-ii-vous-croyez-que-les-astronautes-ne-voient-rien-eh-bien-regardez-encore\/\"},\"wordCount\":228,\"commentCount\":0,\"publisher\":{\"@id\":\"https:\/\/webradio.ac-am.fr\/#\/schema\/person\/040dc681778e9280372593043d05ac55\"},\"keywords\":[\"astronautes\",\"Columbia\",\"NASA\",\"STS-80\",\"Terre\"],\"articleSection\":[\"Extraterrestres\/OVNIS\"],\"inLanguage\":\"fr-FR\",\"potentialAction\":[{\"@type\":\"CommentAction\",\"name\":\"Comment\",\"target\":[\"https:\/\/webradio.ac-am.fr\/index.php\/2010\/02\/03\/la-nasa-episode-ii-vous-croyez-que-les-astronautes-ne-voient-rien-eh-bien-regardez-encore\/#respond\"]}]},{\"@type\":\"WebPage\",\"@id\":\"https:\/\/webradio.ac-am.fr\/index.php\/2010\/02\/03\/la-nasa-episode-ii-vous-croyez-que-les-astronautes-ne-voient-rien-eh-bien-regardez-encore\/\",\"url\":\"https:\/\/webradio.ac-am.fr\/index.php\/2010\/02\/03\/la-nasa-episode-ii-vous-croyez-que-les-astronautes-ne-voient-rien-eh-bien-regardez-encore\/\",\"name\":\"LA NASA - \u00c9pisode II: Vous croyez que les astronautes... - ACAMwr\",\"isPartOf\":{\"@id\":\"https:\/\/webradio.ac-am.fr\/#website\"},\"datePublished\":\"2010-02-03T09:04:40+00:00\",\"dateModified\":\"2023-08-05T16:17:12+00:00\",\"description\":\"La navette passe au-dessus d'un violent orage - \u00e0 moins qu'il ne s'agisse d'une pluie de L\u00e9onides. Nous sommes le 1er d\u00e9cembre 1996...\",\"breadcrumb\":{\"@id\":\"https:\/\/webradio.ac-am.fr\/index.php\/2010\/02\/03\/la-nasa-episode-ii-vous-croyez-que-les-astronautes-ne-voient-rien-eh-bien-regardez-encore\/#breadcrumb\"},\"inLanguage\":\"fr-FR\",\"potentialAction\":[{\"@type\":\"ReadAction\",\"target\":[\"https:\/\/webradio.ac-am.fr\/index.php\/2010\/02\/03\/la-nasa-episode-ii-vous-croyez-que-les-astronautes-ne-voient-rien-eh-bien-regardez-encore\/\"]}]},{\"@type\":\"BreadcrumbList\",\"@id\":\"https:\/\/webradio.ac-am.fr\/index.php\/2010\/02\/03\/la-nasa-episode-ii-vous-croyez-que-les-astronautes-ne-voient-rien-eh-bien-regardez-encore\/#breadcrumb\",\"itemListElement\":[{\"@type\":\"ListItem\",\"position\":1,\"name\":\"Accueil\",\"item\":\"https:\/\/webradio.ac-am.fr\/\"},{\"@type\":\"ListItem\",\"position\":2,\"name\":\"LA NASA &#8211; \u00c9pisode II: Vous croyez que les astronautes ne voient rien ? Eh bien, regardez encore&#8230;\"}]},{\"@type\":\"WebSite\",\"@id\":\"https:\/\/webradio.ac-am.fr\/#website\",\"url\":\"https:\/\/webradio.ac-am.fr\/\",\"name\":\"ACAMwr\",\"description\":\"Webradio\",\"publisher\":{\"@id\":\"https:\/\/webradio.ac-am.fr\/#\/schema\/person\/040dc681778e9280372593043d05ac55\"},\"potentialAction\":[{\"@type\":\"SearchAction\",\"target\":{\"@type\":\"EntryPoint\",\"urlTemplate\":\"https:\/\/webradio.ac-am.fr\/?s={search_term_string}\"},\"query-input\":{\"@type\":\"PropertyValueSpecification\",\"valueRequired\":true,\"valueName\":\"search_term_string\"}}],\"inLanguage\":\"fr-FR\"},{\"@type\":[\"Person\",\"Organization\"],\"@id\":\"https:\/\/webradio.ac-am.fr\/#\/schema\/person\/040dc681778e9280372593043d05ac55\",\"name\":\"Claude ACAM\",\"image\":{\"@type\":\"ImageObject\",\"inLanguage\":\"fr-FR\",\"@id\":\"https:\/\/secure.gravatar.com\/avatar\/1fdd18c759fe3f24bdec86ace860d5560fdd7598b71f43ba8ea69b6732ad68e7?s=96&r=g\",\"url\":\"https:\/\/secure.gravatar.com\/avatar\/1fdd18c759fe3f24bdec86ace860d5560fdd7598b71f43ba8ea69b6732ad68e7?s=96&r=g\",\"contentUrl\":\"https:\/\/secure.gravatar.com\/avatar\/1fdd18c759fe3f24bdec86ace860d5560fdd7598b71f43ba8ea69b6732ad68e7?s=96&r=g\",\"caption\":\"Claude ACAM\"},\"logo\":{\"@id\":\"https:\/\/secure.gravatar.com\/avatar\/1fdd18c759fe3f24bdec86ace860d5560fdd7598b71f43ba8ea69b6732ad68e7?s=96&r=g\"}}]}<\/script>\n<!-- \/ Yoast SEO plugin. -->","yoast_head_json":{"title":"LA NASA - \u00c9pisode II: Vous croyez que les astronautes... - ACAMwr","description":"La navette passe au-dessus d'un violent orage - \u00e0 moins qu'il ne s'agisse d'une pluie de L\u00e9onides. Nous sommes le 1er d\u00e9cembre 1996...","robots":{"index":"index","follow":"follow","max-snippet":"max-snippet:-1","max-image-preview":"max-image-preview:large","max-video-preview":"max-video-preview:-1"},"canonical":"https:\/\/webradio.ac-am.fr\/index.php\/2010\/02\/03\/la-nasa-episode-ii-vous-croyez-que-les-astronautes-ne-voient-rien-eh-bien-regardez-encore\/","og_locale":"fr_FR","og_type":"article","og_title":"LA NASA - \u00c9pisode II: Vous croyez que les astronautes... - ACAMwr","og_description":"La navette passe au-dessus d'un violent orage - \u00e0 moins qu'il ne s'agisse d'une pluie de L\u00e9onides. Nous sommes le 1er d\u00e9cembre 1996...","og_url":"https:\/\/webradio.ac-am.fr\/index.php\/2010\/02\/03\/la-nasa-episode-ii-vous-croyez-que-les-astronautes-ne-voient-rien-eh-bien-regardez-encore\/","og_site_name":"ACAMwr","article_published_time":"2010-02-03T09:04:40+00:00","article_modified_time":"2023-08-05T16:17:12+00:00","author":"Claude ACAM","twitter_card":"summary_large_image","twitter_misc":{"\u00c9crit par":"Claude ACAM","Dur\u00e9e de lecture estim\u00e9e":"1 minute"},"schema":{"@context":"https:\/\/schema.org","@graph":[{"@type":"Article","@id":"https:\/\/webradio.ac-am.fr\/index.php\/2010\/02\/03\/la-nasa-episode-ii-vous-croyez-que-les-astronautes-ne-voient-rien-eh-bien-regardez-encore\/#article","isPartOf":{"@id":"https:\/\/webradio.ac-am.fr\/index.php\/2010\/02\/03\/la-nasa-episode-ii-vous-croyez-que-les-astronautes-ne-voient-rien-eh-bien-regardez-encore\/"},"author":{"name":"Claude ACAM","@id":"https:\/\/webradio.ac-am.fr\/#\/schema\/person\/040dc681778e9280372593043d05ac55"},"headline":"LA NASA &#8211; \u00c9pisode II: Vous croyez que les astronautes ne voient rien ? Eh bien, regardez encore&#8230;","datePublished":"2010-02-03T09:04:40+00:00","dateModified":"2023-08-05T16:17:12+00:00","mainEntityOfPage":{"@id":"https:\/\/webradio.ac-am.fr\/index.php\/2010\/02\/03\/la-nasa-episode-ii-vous-croyez-que-les-astronautes-ne-voient-rien-eh-bien-regardez-encore\/"},"wordCount":228,"commentCount":0,"publisher":{"@id":"https:\/\/webradio.ac-am.fr\/#\/schema\/person\/040dc681778e9280372593043d05ac55"},"keywords":["astronautes","Columbia","NASA","STS-80","Terre"],"articleSection":["Extraterrestres\/OVNIS"],"inLanguage":"fr-FR","potentialAction":[{"@type":"CommentAction","name":"Comment","target":["https:\/\/webradio.ac-am.fr\/index.php\/2010\/02\/03\/la-nasa-episode-ii-vous-croyez-que-les-astronautes-ne-voient-rien-eh-bien-regardez-encore\/#respond"]}]},{"@type":"WebPage","@id":"https:\/\/webradio.ac-am.fr\/index.php\/2010\/02\/03\/la-nasa-episode-ii-vous-croyez-que-les-astronautes-ne-voient-rien-eh-bien-regardez-encore\/","url":"https:\/\/webradio.ac-am.fr\/index.php\/2010\/02\/03\/la-nasa-episode-ii-vous-croyez-que-les-astronautes-ne-voient-rien-eh-bien-regardez-encore\/","name":"LA NASA - \u00c9pisode II: Vous croyez que les astronautes... - ACAMwr","isPartOf":{"@id":"https:\/\/webradio.ac-am.fr\/#website"},"datePublished":"2010-02-03T09:04:40+00:00","dateModified":"2023-08-05T16:17:12+00:00","description":"La navette passe au-dessus d'un violent orage - \u00e0 moins qu'il ne s'agisse d'une pluie de L\u00e9onides. Nous sommes le 1er d\u00e9cembre 1996...","breadcrumb":{"@id":"https:\/\/webradio.ac-am.fr\/index.php\/2010\/02\/03\/la-nasa-episode-ii-vous-croyez-que-les-astronautes-ne-voient-rien-eh-bien-regardez-encore\/#breadcrumb"},"inLanguage":"fr-FR","potentialAction":[{"@type":"ReadAction","target":["https:\/\/webradio.ac-am.fr\/index.php\/2010\/02\/03\/la-nasa-episode-ii-vous-croyez-que-les-astronautes-ne-voient-rien-eh-bien-regardez-encore\/"]}]},{"@type":"BreadcrumbList","@id":"https:\/\/webradio.ac-am.fr\/index.php\/2010\/02\/03\/la-nasa-episode-ii-vous-croyez-que-les-astronautes-ne-voient-rien-eh-bien-regardez-encore\/#breadcrumb","itemListElement":[{"@type":"ListItem","position":1,"name":"Accueil","item":"https:\/\/webradio.ac-am.fr\/"},{"@type":"ListItem","position":2,"name":"LA NASA &#8211; \u00c9pisode II: Vous croyez que les astronautes ne voient rien ? Eh bien, regardez encore&#8230;"}]},{"@type":"WebSite","@id":"https:\/\/webradio.ac-am.fr\/#website","url":"https:\/\/webradio.ac-am.fr\/","name":"ACAMwr","description":"Webradio","publisher":{"@id":"https:\/\/webradio.ac-am.fr\/#\/schema\/person\/040dc681778e9280372593043d05ac55"},"potentialAction":[{"@type":"SearchAction","target":{"@type":"EntryPoint","urlTemplate":"https:\/\/webradio.ac-am.fr\/?s={search_term_string}"},"query-input":{"@type":"PropertyValueSpecification","valueRequired":true,"valueName":"search_term_string"}}],"inLanguage":"fr-FR"},{"@type":["Person","Organization"],"@id":"https:\/\/webradio.ac-am.fr\/#\/schema\/person\/040dc681778e9280372593043d05ac55","name":"Claude ACAM","image":{"@type":"ImageObject","inLanguage":"fr-FR","@id":"https:\/\/secure.gravatar.com\/avatar\/1fdd18c759fe3f24bdec86ace860d5560fdd7598b71f43ba8ea69b6732ad68e7?s=96&r=g","url":"https:\/\/secure.gravatar.com\/avatar\/1fdd18c759fe3f24bdec86ace860d5560fdd7598b71f43ba8ea69b6732ad68e7?s=96&r=g","contentUrl":"https:\/\/secure.gravatar.com\/avatar\/1fdd18c759fe3f24bdec86ace860d5560fdd7598b71f43ba8ea69b6732ad68e7?s=96&r=g","caption":"Claude ACAM"},"logo":{"@id":"https:\/\/secure.gravatar.com\/avatar\/1fdd18c759fe3f24bdec86ace860d5560fdd7598b71f43ba8ea69b6732ad68e7?s=96&r=g"}}]}},"_links":{"self":[{"href":"https:\/\/webradio.ac-am.fr\/index.php\/wp-json\/wp\/v2\/posts\/133","targetHints":{"allow":["GET"]}}],"collection":[{"href":"https:\/\/webradio.ac-am.fr\/index.php\/wp-json\/wp\/v2\/posts"}],"about":[{"href":"https:\/\/webradio.ac-am.fr\/index.php\/wp-json\/wp\/v2\/types\/post"}],"author":[{"embeddable":true,"href":"https:\/\/webradio.ac-am.fr\/index.php\/wp-json\/wp\/v2\/users\/1"}],"replies":[{"embeddable":true,"href":"https:\/\/webradio.ac-am.fr\/index.php\/wp-json\/wp\/v2\/comments?post=133"}],"version-history":[{"count":2,"href":"https:\/\/webradio.ac-am.fr\/index.php\/wp-json\/wp\/v2\/posts\/133\/revisions"}],"predecessor-version":[{"id":3150,"href":"https:\/\/webradio.ac-am.fr\/index.php\/wp-json\/wp\/v2\/posts\/133\/revisions\/3150"}],"wp:attachment":[{"href":"https:\/\/webradio.ac-am.fr\/index.php\/wp-json\/wp\/v2\/media?parent=133"}],"wp:term":[{"taxonomy":"category","embeddable":true,"href":"https:\/\/webradio.ac-am.fr\/index.php\/wp-json\/wp\/v2\/categories?post=133"},{"taxonomy":"post_tag","embeddable":true,"href":"https:\/\/webradio.ac-am.fr\/index.php\/wp-json\/wp\/v2\/tags?post=133"}],"curies":[{"name":"wp","href":"https:\/\/api.w.org\/{rel}","templated":true}]}}