{"id":181,"date":"2010-02-08T08:18:54","date_gmt":"2010-02-08T07:18:54","guid":{"rendered":"http:\/\/ljbf.hd.free.fr:5040\/?p=181"},"modified":"2023-08-05T18:10:57","modified_gmt":"2023-08-05T16:10:57","slug":"la-nasa-episode-iii-vous-croyez-toujours-que-les-astronautes-ne-voient-rien","status":"publish","type":"post","link":"https:\/\/webradio.ac-am.fr\/index.php\/2010\/02\/08\/la-nasa-episode-iii-vous-croyez-toujours-que-les-astronautes-ne-voient-rien\/","title":{"rendered":"La NASA &#8211; \u00c9pisode III : Vous croyez toujours que les astronautes ne voient rien ?"},"content":{"rendered":"\n<figure class=\"wp-block-video\"><video controls src=\"https:\/\/videos.ac-am.fr\/Items\/71f360ebfc74c29306d03fa81cfc0aad\/Download?api_key=67b0bb80b6bf475998b24ccf1bd84219\"><\/video><\/figure>\n\n\n<table style=\"width: 100%: border: none;\">\n<tbody>\n<tr>\n<td style=\"text-align: left; border: none;\">En mai 1999, Discovery d\u00e9colle. Au cours de la mission STS 96, ils vont recontrer \u00ab\u00a0le p\u00e8re no\u00ebl\u00a0\u00bb, un objet lumineux \u00e0 \u00e9clat variable passe devant eux&#8230; Ah ! les joies de la d\u00e9couverte&#8230; Regardez et regardez encore sans mod\u00e9ration&#8230; (www.ac-am.fr)<\/td>\n<\/tr>\n<\/tbody>\n<\/table>","protected":false},"excerpt":{"rendered":"<p>En mai 1999, Discovery d\u00e9colle. Au cours de la mission STS 96, ils vont recontrer \u00ab\u00a0le p\u00e8re no\u00ebl\u00a0\u00bb, un objet [&hellip;]<\/p>\n","protected":false},"author":1,"featured_media":0,"comment_status":"open","ping_status":"open","sticky":false,"template":"","format":"standard","meta":{"footnotes":""},"categories":[261],"tags":[260,273,282,264,265,303],"class_list":["post-181","post","type-post","status-publish","format-standard","hentry","category-ovnis","tag-astronautes","tag-episode","tag-extraterrestre","tag-nasa","tag-ovnis-2","tag-sts-96"],"yoast_head":"<!-- This site is optimized with the Yoast SEO plugin v27.2 - https:\/\/yoast.com\/product\/yoast-seo-wordpress\/ -->\n<title>La NASA - \u00c9pisode III : Vous croyez toujours que les astronautes...<\/title>\n<meta name=\"description\" content=\"En mai 1999, Discovery d\u00e9colle. Au cours de la mission STS 96, ils vont recontrer &quot;le p\u00e8re no\u00ebl&quot;, un objet lumineux \u00e0 \u00e9clat variable passe...\" \/>\n<meta name=\"robots\" content=\"index, follow, max-snippet:-1, max-image-preview:large, max-video-preview:-1\" \/>\n<link rel=\"canonical\" href=\"https:\/\/webradio.ac-am.fr\/index.php\/2010\/02\/08\/la-nasa-episode-iii-vous-croyez-toujours-que-les-astronautes-ne-voient-rien\/\" \/>\n<meta property=\"og:locale\" content=\"fr_FR\" \/>\n<meta property=\"og:type\" content=\"article\" \/>\n<meta property=\"og:title\" content=\"La NASA - \u00c9pisode III : Vous croyez toujours que les astronautes...\" \/>\n<meta property=\"og:description\" content=\"En mai 1999, Discovery d\u00e9colle. Au cours de la mission STS 96, ils vont recontrer &quot;le p\u00e8re no\u00ebl&quot;, un objet lumineux \u00e0 \u00e9clat variable passe...\" \/>\n<meta property=\"og:url\" content=\"https:\/\/webradio.ac-am.fr\/index.php\/2010\/02\/08\/la-nasa-episode-iii-vous-croyez-toujours-que-les-astronautes-ne-voient-rien\/\" \/>\n<meta property=\"og:site_name\" content=\"ACAMwr\" \/>\n<meta property=\"article:published_time\" content=\"2010-02-08T07:18:54+00:00\" \/>\n<meta property=\"article:modified_time\" content=\"2023-08-05T16:10:57+00:00\" \/>\n<meta name=\"author\" content=\"Claude ACAM\" \/>\n<meta name=\"twitter:card\" content=\"summary_large_image\" \/>\n<meta name=\"twitter:label1\" content=\"\u00c9crit par\" \/>\n\t<meta name=\"twitter:data1\" content=\"Claude ACAM\" \/>\n\t<meta name=\"twitter:label2\" content=\"Dur\u00e9e de lecture estim\u00e9e\" \/>\n\t<meta name=\"twitter:data2\" content=\"1 minute\" \/>\n<script type=\"application\/ld+json\" class=\"yoast-schema-graph\">{\"@context\":\"https:\/\/schema.org\",\"@graph\":[{\"@type\":\"Article\",\"@id\":\"https:\/\/webradio.ac-am.fr\/index.php\/2010\/02\/08\/la-nasa-episode-iii-vous-croyez-toujours-que-les-astronautes-ne-voient-rien\/#article\",\"isPartOf\":{\"@id\":\"https:\/\/webradio.ac-am.fr\/index.php\/2010\/02\/08\/la-nasa-episode-iii-vous-croyez-toujours-que-les-astronautes-ne-voient-rien\/\"},\"author\":{\"name\":\"Claude ACAM\",\"@id\":\"https:\/\/webradio.ac-am.fr\/#\/schema\/person\/040dc681778e9280372593043d05ac55\"},\"headline\":\"La NASA &#8211; \u00c9pisode III : Vous croyez toujours que les astronautes ne voient rien ?\",\"datePublished\":\"2010-02-08T07:18:54+00:00\",\"dateModified\":\"2023-08-05T16:10:57+00:00\",\"mainEntityOfPage\":{\"@id\":\"https:\/\/webradio.ac-am.fr\/index.php\/2010\/02\/08\/la-nasa-episode-iii-vous-croyez-toujours-que-les-astronautes-ne-voient-rien\/\"},\"wordCount\":58,\"commentCount\":0,\"publisher\":{\"@id\":\"https:\/\/webradio.ac-am.fr\/#\/schema\/person\/040dc681778e9280372593043d05ac55\"},\"keywords\":[\"astronautes\",\"\u00e9pisode\",\"extraterrestre\",\"NASA\",\"ovnis\",\"STS-96\"],\"articleSection\":[\"Extraterrestres\/OVNIS\"],\"inLanguage\":\"fr-FR\",\"potentialAction\":[{\"@type\":\"CommentAction\",\"name\":\"Comment\",\"target\":[\"https:\/\/webradio.ac-am.fr\/index.php\/2010\/02\/08\/la-nasa-episode-iii-vous-croyez-toujours-que-les-astronautes-ne-voient-rien\/#respond\"]}]},{\"@type\":\"WebPage\",\"@id\":\"https:\/\/webradio.ac-am.fr\/index.php\/2010\/02\/08\/la-nasa-episode-iii-vous-croyez-toujours-que-les-astronautes-ne-voient-rien\/\",\"url\":\"https:\/\/webradio.ac-am.fr\/index.php\/2010\/02\/08\/la-nasa-episode-iii-vous-croyez-toujours-que-les-astronautes-ne-voient-rien\/\",\"name\":\"La NASA - \u00c9pisode III : Vous croyez toujours que les astronautes...\",\"isPartOf\":{\"@id\":\"https:\/\/webradio.ac-am.fr\/#website\"},\"datePublished\":\"2010-02-08T07:18:54+00:00\",\"dateModified\":\"2023-08-05T16:10:57+00:00\",\"description\":\"En mai 1999, Discovery d\u00e9colle. Au cours de la mission STS 96, ils vont recontrer \\\"le p\u00e8re no\u00ebl\\\", un objet lumineux \u00e0 \u00e9clat variable passe...\",\"breadcrumb\":{\"@id\":\"https:\/\/webradio.ac-am.fr\/index.php\/2010\/02\/08\/la-nasa-episode-iii-vous-croyez-toujours-que-les-astronautes-ne-voient-rien\/#breadcrumb\"},\"inLanguage\":\"fr-FR\",\"potentialAction\":[{\"@type\":\"ReadAction\",\"target\":[\"https:\/\/webradio.ac-am.fr\/index.php\/2010\/02\/08\/la-nasa-episode-iii-vous-croyez-toujours-que-les-astronautes-ne-voient-rien\/\"]}]},{\"@type\":\"BreadcrumbList\",\"@id\":\"https:\/\/webradio.ac-am.fr\/index.php\/2010\/02\/08\/la-nasa-episode-iii-vous-croyez-toujours-que-les-astronautes-ne-voient-rien\/#breadcrumb\",\"itemListElement\":[{\"@type\":\"ListItem\",\"position\":1,\"name\":\"Accueil\",\"item\":\"https:\/\/webradio.ac-am.fr\/\"},{\"@type\":\"ListItem\",\"position\":2,\"name\":\"La NASA &#8211; \u00c9pisode III : Vous croyez toujours que les astronautes ne voient rien ?\"}]},{\"@type\":\"WebSite\",\"@id\":\"https:\/\/webradio.ac-am.fr\/#website\",\"url\":\"https:\/\/webradio.ac-am.fr\/\",\"name\":\"ACAMwr\",\"description\":\"Webradio\",\"publisher\":{\"@id\":\"https:\/\/webradio.ac-am.fr\/#\/schema\/person\/040dc681778e9280372593043d05ac55\"},\"potentialAction\":[{\"@type\":\"SearchAction\",\"target\":{\"@type\":\"EntryPoint\",\"urlTemplate\":\"https:\/\/webradio.ac-am.fr\/?s={search_term_string}\"},\"query-input\":{\"@type\":\"PropertyValueSpecification\",\"valueRequired\":true,\"valueName\":\"search_term_string\"}}],\"inLanguage\":\"fr-FR\"},{\"@type\":[\"Person\",\"Organization\"],\"@id\":\"https:\/\/webradio.ac-am.fr\/#\/schema\/person\/040dc681778e9280372593043d05ac55\",\"name\":\"Claude ACAM\",\"image\":{\"@type\":\"ImageObject\",\"inLanguage\":\"fr-FR\",\"@id\":\"https:\/\/secure.gravatar.com\/avatar\/1fdd18c759fe3f24bdec86ace860d5560fdd7598b71f43ba8ea69b6732ad68e7?s=96&r=g\",\"url\":\"https:\/\/secure.gravatar.com\/avatar\/1fdd18c759fe3f24bdec86ace860d5560fdd7598b71f43ba8ea69b6732ad68e7?s=96&r=g\",\"contentUrl\":\"https:\/\/secure.gravatar.com\/avatar\/1fdd18c759fe3f24bdec86ace860d5560fdd7598b71f43ba8ea69b6732ad68e7?s=96&r=g\",\"caption\":\"Claude ACAM\"},\"logo\":{\"@id\":\"https:\/\/secure.gravatar.com\/avatar\/1fdd18c759fe3f24bdec86ace860d5560fdd7598b71f43ba8ea69b6732ad68e7?s=96&r=g\"}}]}<\/script>\n<!-- \/ Yoast SEO plugin. -->","yoast_head_json":{"title":"La NASA - \u00c9pisode III : Vous croyez toujours que les astronautes...","description":"En mai 1999, Discovery d\u00e9colle. Au cours de la mission STS 96, ils vont recontrer \"le p\u00e8re no\u00ebl\", un objet lumineux \u00e0 \u00e9clat variable passe...","robots":{"index":"index","follow":"follow","max-snippet":"max-snippet:-1","max-image-preview":"max-image-preview:large","max-video-preview":"max-video-preview:-1"},"canonical":"https:\/\/webradio.ac-am.fr\/index.php\/2010\/02\/08\/la-nasa-episode-iii-vous-croyez-toujours-que-les-astronautes-ne-voient-rien\/","og_locale":"fr_FR","og_type":"article","og_title":"La NASA - \u00c9pisode III : Vous croyez toujours que les astronautes...","og_description":"En mai 1999, Discovery d\u00e9colle. Au cours de la mission STS 96, ils vont recontrer \"le p\u00e8re no\u00ebl\", un objet lumineux \u00e0 \u00e9clat variable passe...","og_url":"https:\/\/webradio.ac-am.fr\/index.php\/2010\/02\/08\/la-nasa-episode-iii-vous-croyez-toujours-que-les-astronautes-ne-voient-rien\/","og_site_name":"ACAMwr","article_published_time":"2010-02-08T07:18:54+00:00","article_modified_time":"2023-08-05T16:10:57+00:00","author":"Claude ACAM","twitter_card":"summary_large_image","twitter_misc":{"\u00c9crit par":"Claude ACAM","Dur\u00e9e de lecture estim\u00e9e":"1 minute"},"schema":{"@context":"https:\/\/schema.org","@graph":[{"@type":"Article","@id":"https:\/\/webradio.ac-am.fr\/index.php\/2010\/02\/08\/la-nasa-episode-iii-vous-croyez-toujours-que-les-astronautes-ne-voient-rien\/#article","isPartOf":{"@id":"https:\/\/webradio.ac-am.fr\/index.php\/2010\/02\/08\/la-nasa-episode-iii-vous-croyez-toujours-que-les-astronautes-ne-voient-rien\/"},"author":{"name":"Claude ACAM","@id":"https:\/\/webradio.ac-am.fr\/#\/schema\/person\/040dc681778e9280372593043d05ac55"},"headline":"La NASA &#8211; \u00c9pisode III : Vous croyez toujours que les astronautes ne voient rien ?","datePublished":"2010-02-08T07:18:54+00:00","dateModified":"2023-08-05T16:10:57+00:00","mainEntityOfPage":{"@id":"https:\/\/webradio.ac-am.fr\/index.php\/2010\/02\/08\/la-nasa-episode-iii-vous-croyez-toujours-que-les-astronautes-ne-voient-rien\/"},"wordCount":58,"commentCount":0,"publisher":{"@id":"https:\/\/webradio.ac-am.fr\/#\/schema\/person\/040dc681778e9280372593043d05ac55"},"keywords":["astronautes","\u00e9pisode","extraterrestre","NASA","ovnis","STS-96"],"articleSection":["Extraterrestres\/OVNIS"],"inLanguage":"fr-FR","potentialAction":[{"@type":"CommentAction","name":"Comment","target":["https:\/\/webradio.ac-am.fr\/index.php\/2010\/02\/08\/la-nasa-episode-iii-vous-croyez-toujours-que-les-astronautes-ne-voient-rien\/#respond"]}]},{"@type":"WebPage","@id":"https:\/\/webradio.ac-am.fr\/index.php\/2010\/02\/08\/la-nasa-episode-iii-vous-croyez-toujours-que-les-astronautes-ne-voient-rien\/","url":"https:\/\/webradio.ac-am.fr\/index.php\/2010\/02\/08\/la-nasa-episode-iii-vous-croyez-toujours-que-les-astronautes-ne-voient-rien\/","name":"La NASA - \u00c9pisode III : Vous croyez toujours que les astronautes...","isPartOf":{"@id":"https:\/\/webradio.ac-am.fr\/#website"},"datePublished":"2010-02-08T07:18:54+00:00","dateModified":"2023-08-05T16:10:57+00:00","description":"En mai 1999, Discovery d\u00e9colle. Au cours de la mission STS 96, ils vont recontrer \"le p\u00e8re no\u00ebl\", un objet lumineux \u00e0 \u00e9clat variable passe...","breadcrumb":{"@id":"https:\/\/webradio.ac-am.fr\/index.php\/2010\/02\/08\/la-nasa-episode-iii-vous-croyez-toujours-que-les-astronautes-ne-voient-rien\/#breadcrumb"},"inLanguage":"fr-FR","potentialAction":[{"@type":"ReadAction","target":["https:\/\/webradio.ac-am.fr\/index.php\/2010\/02\/08\/la-nasa-episode-iii-vous-croyez-toujours-que-les-astronautes-ne-voient-rien\/"]}]},{"@type":"BreadcrumbList","@id":"https:\/\/webradio.ac-am.fr\/index.php\/2010\/02\/08\/la-nasa-episode-iii-vous-croyez-toujours-que-les-astronautes-ne-voient-rien\/#breadcrumb","itemListElement":[{"@type":"ListItem","position":1,"name":"Accueil","item":"https:\/\/webradio.ac-am.fr\/"},{"@type":"ListItem","position":2,"name":"La NASA &#8211; \u00c9pisode III : Vous croyez toujours que les astronautes ne voient rien ?"}]},{"@type":"WebSite","@id":"https:\/\/webradio.ac-am.fr\/#website","url":"https:\/\/webradio.ac-am.fr\/","name":"ACAMwr","description":"Webradio","publisher":{"@id":"https:\/\/webradio.ac-am.fr\/#\/schema\/person\/040dc681778e9280372593043d05ac55"},"potentialAction":[{"@type":"SearchAction","target":{"@type":"EntryPoint","urlTemplate":"https:\/\/webradio.ac-am.fr\/?s={search_term_string}"},"query-input":{"@type":"PropertyValueSpecification","valueRequired":true,"valueName":"search_term_string"}}],"inLanguage":"fr-FR"},{"@type":["Person","Organization"],"@id":"https:\/\/webradio.ac-am.fr\/#\/schema\/person\/040dc681778e9280372593043d05ac55","name":"Claude ACAM","image":{"@type":"ImageObject","inLanguage":"fr-FR","@id":"https:\/\/secure.gravatar.com\/avatar\/1fdd18c759fe3f24bdec86ace860d5560fdd7598b71f43ba8ea69b6732ad68e7?s=96&r=g","url":"https:\/\/secure.gravatar.com\/avatar\/1fdd18c759fe3f24bdec86ace860d5560fdd7598b71f43ba8ea69b6732ad68e7?s=96&r=g","contentUrl":"https:\/\/secure.gravatar.com\/avatar\/1fdd18c759fe3f24bdec86ace860d5560fdd7598b71f43ba8ea69b6732ad68e7?s=96&r=g","caption":"Claude ACAM"},"logo":{"@id":"https:\/\/secure.gravatar.com\/avatar\/1fdd18c759fe3f24bdec86ace860d5560fdd7598b71f43ba8ea69b6732ad68e7?s=96&r=g"}}]}},"_links":{"self":[{"href":"https:\/\/webradio.ac-am.fr\/index.php\/wp-json\/wp\/v2\/posts\/181","targetHints":{"allow":["GET"]}}],"collection":[{"href":"https:\/\/webradio.ac-am.fr\/index.php\/wp-json\/wp\/v2\/posts"}],"about":[{"href":"https:\/\/webradio.ac-am.fr\/index.php\/wp-json\/wp\/v2\/types\/post"}],"author":[{"embeddable":true,"href":"https:\/\/webradio.ac-am.fr\/index.php\/wp-json\/wp\/v2\/users\/1"}],"replies":[{"embeddable":true,"href":"https:\/\/webradio.ac-am.fr\/index.php\/wp-json\/wp\/v2\/comments?post=181"}],"version-history":[{"count":3,"href":"https:\/\/webradio.ac-am.fr\/index.php\/wp-json\/wp\/v2\/posts\/181\/revisions"}],"predecessor-version":[{"id":3148,"href":"https:\/\/webradio.ac-am.fr\/index.php\/wp-json\/wp\/v2\/posts\/181\/revisions\/3148"}],"wp:attachment":[{"href":"https:\/\/webradio.ac-am.fr\/index.php\/wp-json\/wp\/v2\/media?parent=181"}],"wp:term":[{"taxonomy":"category","embeddable":true,"href":"https:\/\/webradio.ac-am.fr\/index.php\/wp-json\/wp\/v2\/categories?post=181"},{"taxonomy":"post_tag","embeddable":true,"href":"https:\/\/webradio.ac-am.fr\/index.php\/wp-json\/wp\/v2\/tags?post=181"}],"curies":[{"name":"wp","href":"https:\/\/api.w.org\/{rel}","templated":true}]}}