{"id":186,"date":"2009-10-14T08:43:16","date_gmt":"2009-10-14T07:43:16","guid":{"rendered":"http:\/\/ljbf.hd.free.fr:5040\/?p=186"},"modified":"2023-08-05T19:32:50","modified_gmt":"2023-08-05T17:32:50","slug":"creation-dun-crop-circle-2","status":"publish","type":"post","link":"https:\/\/webradio.ac-am.fr\/index.php\/2009\/10\/14\/creation-dun-crop-circle-2\/","title":{"rendered":"Cr\u00e9ation d&#039;un crop circle."},"content":{"rendered":"\n<figure class=\"wp-block-video\"><video controls src=\"https:\/\/videos.ac-am.fr\/Items\/f3c04e79a9f4e3d4e25d7222513cbc3c\/Download?api_key=67b0bb80b6bf475998b24ccf1bd84219\"><\/video><\/figure>\n\n\n<table style=\"border: 0px;\">\n<tbody>\n<tr>\n<td style=\"text-align: center; border: 0px; width: 100%;\">\u00a0<\/td>\n<\/tr>\n<tr>\n<td style=\"text-align: left; border: 0px;\">Pourquoi ces cercles ? Quel en est le symbolisme ? Quel message doit passer \u00e0 travers ces dessins ?<br \/>Est-ce un message \u00e0 l&rsquo;adresse de notre subconscient comme le sugg\u00e8re Georges Wingfeld, quelque chose qui nous \u00e9chappe et qui ne peut pas \u00eatre interpr\u00e9t\u00e9 pour le moment.<br \/>Ces \u0153uvres d&rsquo;art ont-elles une origine extraterrestre ?<br \/>Deux papis anglais ont essay\u00e9 \u00e0 leur mani\u00e8re de d\u00e9mystifier ce ph\u00e9nom\u00e8ne et de quelle fa\u00e7on ?<br \/>\u00a0\u00bb Un canular mont\u00e9 par deux sexag\u00e9naires \u00ab\u00a0, l&rsquo;un deux Doug Bower pr\u00e9tend avoir cr\u00e9\u00e9 des cercles avec une simple planche et de la ficelle, ok ! mais l&rsquo;enchev\u00eatrement des \u00e9pis de bl\u00e9 est si complexe qu&rsquo;il n&rsquo;a pu \u00eatre fait d&rsquo;une mani\u00e8re aussi simple, de plus cela se produit sur toute la plan\u00e8te. Et chose extraordinaire, ils en existent \u00e9galement sur des lacs gel\u00e9s comme au Canada ou en Su\u00e8de. Ces cercles restent ainsi pendant toute la saison d&rsquo;hiver sans geler de nouveau.<br \/>Alors les papis, sur les lacs gel\u00e9s, comment faites-vous ?<br \/>(www.ac-am.fr)<\/td>\n<\/tr>\n<\/tbody>\n<\/table>","protected":false},"excerpt":{"rendered":"<p>\u00a0 Pourquoi ces cercles ? Quel en est le symbolisme ? Quel message doit passer \u00e0 travers ces dessins ?Est-ce [&hellip;]<\/p>\n","protected":false},"author":1,"featured_media":0,"comment_status":"open","ping_status":"open","sticky":false,"template":"","format":"standard","meta":{"footnotes":""},"categories":[261],"tags":[963,257,965,964,282,961,265,343,962,267,302],"class_list":["post-186","post","type-post","status-publish","format-standard","hentry","category-ovnis","tag-cercle-de-culture","tag-crop-circle","tag-doug-bower","tag-enchevetrement","tag-extraterrestre","tag-message","tag-ovnis-2","tag-phenomene","tag-symbolisme","tag-terre","tag-vaisseau"],"yoast_head":"<!-- This site is optimized with the Yoast SEO plugin v27.2 - https:\/\/yoast.com\/product\/yoast-seo-wordpress\/ -->\n<title>Cr\u00e9ation d&#039;un crop circle. - ACAMwr<\/title>\n<meta name=\"description\" content=\"Est-ce un message \u00e0 l&#039;adresse de notre subconscient comme le sugg\u00e8re Georges Wingfeld, quelque chose qui nous \u00e9chappe...\" \/>\n<meta name=\"robots\" content=\"index, follow, max-snippet:-1, max-image-preview:large, max-video-preview:-1\" \/>\n<link rel=\"canonical\" href=\"https:\/\/webradio.ac-am.fr\/index.php\/2009\/10\/14\/creation-dun-crop-circle-2\/\" \/>\n<meta property=\"og:locale\" content=\"fr_FR\" \/>\n<meta property=\"og:type\" content=\"article\" \/>\n<meta property=\"og:title\" content=\"Cr\u00e9ation d&#039;un crop circle. - ACAMwr\" \/>\n<meta property=\"og:description\" content=\"Est-ce un message \u00e0 l&#039;adresse de notre subconscient comme le sugg\u00e8re Georges Wingfeld, quelque chose qui nous \u00e9chappe...\" \/>\n<meta property=\"og:url\" content=\"https:\/\/webradio.ac-am.fr\/index.php\/2009\/10\/14\/creation-dun-crop-circle-2\/\" \/>\n<meta property=\"og:site_name\" content=\"ACAMwr\" \/>\n<meta property=\"article:published_time\" content=\"2009-10-14T07:43:16+00:00\" \/>\n<meta property=\"article:modified_time\" content=\"2023-08-05T17:32:50+00:00\" \/>\n<meta name=\"author\" content=\"Claude ACAM\" \/>\n<meta name=\"twitter:card\" content=\"summary_large_image\" \/>\n<meta name=\"twitter:label1\" content=\"\u00c9crit par\" \/>\n\t<meta name=\"twitter:data1\" content=\"Claude ACAM\" \/>\n\t<meta name=\"twitter:label2\" content=\"Dur\u00e9e de lecture estim\u00e9e\" \/>\n\t<meta name=\"twitter:data2\" content=\"1 minute\" \/>\n<script type=\"application\/ld+json\" class=\"yoast-schema-graph\">{\"@context\":\"https:\/\/schema.org\",\"@graph\":[{\"@type\":\"Article\",\"@id\":\"https:\/\/webradio.ac-am.fr\/index.php\/2009\/10\/14\/creation-dun-crop-circle-2\/#article\",\"isPartOf\":{\"@id\":\"https:\/\/webradio.ac-am.fr\/index.php\/2009\/10\/14\/creation-dun-crop-circle-2\/\"},\"author\":{\"name\":\"Claude ACAM\",\"@id\":\"https:\/\/webradio.ac-am.fr\/#\/schema\/person\/040dc681778e9280372593043d05ac55\"},\"headline\":\"Cr\u00e9ation d&#039;un crop circle.\",\"datePublished\":\"2009-10-14T07:43:16+00:00\",\"dateModified\":\"2023-08-05T17:32:50+00:00\",\"mainEntityOfPage\":{\"@id\":\"https:\/\/webradio.ac-am.fr\/index.php\/2009\/10\/14\/creation-dun-crop-circle-2\/\"},\"wordCount\":178,\"commentCount\":0,\"publisher\":{\"@id\":\"https:\/\/webradio.ac-am.fr\/#\/schema\/person\/040dc681778e9280372593043d05ac55\"},\"keywords\":[\"cercle de culture\",\"Crop circle\",\"doug bower\",\"enchev\u00eatrement\",\"extraterrestre\",\"message\",\"ovnis\",\"ph\u00e9nom\u00e8ne\",\"symbolisme\",\"Terre\",\"vaisseau\"],\"articleSection\":[\"Extraterrestres\/OVNIS\"],\"inLanguage\":\"fr-FR\",\"potentialAction\":[{\"@type\":\"CommentAction\",\"name\":\"Comment\",\"target\":[\"https:\/\/webradio.ac-am.fr\/index.php\/2009\/10\/14\/creation-dun-crop-circle-2\/#respond\"]}]},{\"@type\":\"WebPage\",\"@id\":\"https:\/\/webradio.ac-am.fr\/index.php\/2009\/10\/14\/creation-dun-crop-circle-2\/\",\"url\":\"https:\/\/webradio.ac-am.fr\/index.php\/2009\/10\/14\/creation-dun-crop-circle-2\/\",\"name\":\"Cr\u00e9ation d&#039;un crop circle. - ACAMwr\",\"isPartOf\":{\"@id\":\"https:\/\/webradio.ac-am.fr\/#website\"},\"datePublished\":\"2009-10-14T07:43:16+00:00\",\"dateModified\":\"2023-08-05T17:32:50+00:00\",\"description\":\"Est-ce un message \u00e0 l'adresse de notre subconscient comme le sugg\u00e8re Georges Wingfeld, quelque chose qui nous \u00e9chappe...\",\"breadcrumb\":{\"@id\":\"https:\/\/webradio.ac-am.fr\/index.php\/2009\/10\/14\/creation-dun-crop-circle-2\/#breadcrumb\"},\"inLanguage\":\"fr-FR\",\"potentialAction\":[{\"@type\":\"ReadAction\",\"target\":[\"https:\/\/webradio.ac-am.fr\/index.php\/2009\/10\/14\/creation-dun-crop-circle-2\/\"]}]},{\"@type\":\"BreadcrumbList\",\"@id\":\"https:\/\/webradio.ac-am.fr\/index.php\/2009\/10\/14\/creation-dun-crop-circle-2\/#breadcrumb\",\"itemListElement\":[{\"@type\":\"ListItem\",\"position\":1,\"name\":\"Accueil\",\"item\":\"https:\/\/webradio.ac-am.fr\/\"},{\"@type\":\"ListItem\",\"position\":2,\"name\":\"Cr\u00e9ation d&#039;un crop circle.\"}]},{\"@type\":\"WebSite\",\"@id\":\"https:\/\/webradio.ac-am.fr\/#website\",\"url\":\"https:\/\/webradio.ac-am.fr\/\",\"name\":\"ACAMwr\",\"description\":\"Webradio\",\"publisher\":{\"@id\":\"https:\/\/webradio.ac-am.fr\/#\/schema\/person\/040dc681778e9280372593043d05ac55\"},\"potentialAction\":[{\"@type\":\"SearchAction\",\"target\":{\"@type\":\"EntryPoint\",\"urlTemplate\":\"https:\/\/webradio.ac-am.fr\/?s={search_term_string}\"},\"query-input\":{\"@type\":\"PropertyValueSpecification\",\"valueRequired\":true,\"valueName\":\"search_term_string\"}}],\"inLanguage\":\"fr-FR\"},{\"@type\":[\"Person\",\"Organization\"],\"@id\":\"https:\/\/webradio.ac-am.fr\/#\/schema\/person\/040dc681778e9280372593043d05ac55\",\"name\":\"Claude ACAM\",\"image\":{\"@type\":\"ImageObject\",\"inLanguage\":\"fr-FR\",\"@id\":\"https:\/\/secure.gravatar.com\/avatar\/1fdd18c759fe3f24bdec86ace860d5560fdd7598b71f43ba8ea69b6732ad68e7?s=96&r=g\",\"url\":\"https:\/\/secure.gravatar.com\/avatar\/1fdd18c759fe3f24bdec86ace860d5560fdd7598b71f43ba8ea69b6732ad68e7?s=96&r=g\",\"contentUrl\":\"https:\/\/secure.gravatar.com\/avatar\/1fdd18c759fe3f24bdec86ace860d5560fdd7598b71f43ba8ea69b6732ad68e7?s=96&r=g\",\"caption\":\"Claude ACAM\"},\"logo\":{\"@id\":\"https:\/\/secure.gravatar.com\/avatar\/1fdd18c759fe3f24bdec86ace860d5560fdd7598b71f43ba8ea69b6732ad68e7?s=96&r=g\"}}]}<\/script>\n<!-- \/ Yoast SEO plugin. -->","yoast_head_json":{"title":"Cr\u00e9ation d&#039;un crop circle. - ACAMwr","description":"Est-ce un message \u00e0 l'adresse de notre subconscient comme le sugg\u00e8re Georges Wingfeld, quelque chose qui nous \u00e9chappe...","robots":{"index":"index","follow":"follow","max-snippet":"max-snippet:-1","max-image-preview":"max-image-preview:large","max-video-preview":"max-video-preview:-1"},"canonical":"https:\/\/webradio.ac-am.fr\/index.php\/2009\/10\/14\/creation-dun-crop-circle-2\/","og_locale":"fr_FR","og_type":"article","og_title":"Cr\u00e9ation d&#039;un crop circle. - ACAMwr","og_description":"Est-ce un message \u00e0 l'adresse de notre subconscient comme le sugg\u00e8re Georges Wingfeld, quelque chose qui nous \u00e9chappe...","og_url":"https:\/\/webradio.ac-am.fr\/index.php\/2009\/10\/14\/creation-dun-crop-circle-2\/","og_site_name":"ACAMwr","article_published_time":"2009-10-14T07:43:16+00:00","article_modified_time":"2023-08-05T17:32:50+00:00","author":"Claude ACAM","twitter_card":"summary_large_image","twitter_misc":{"\u00c9crit par":"Claude ACAM","Dur\u00e9e de lecture estim\u00e9e":"1 minute"},"schema":{"@context":"https:\/\/schema.org","@graph":[{"@type":"Article","@id":"https:\/\/webradio.ac-am.fr\/index.php\/2009\/10\/14\/creation-dun-crop-circle-2\/#article","isPartOf":{"@id":"https:\/\/webradio.ac-am.fr\/index.php\/2009\/10\/14\/creation-dun-crop-circle-2\/"},"author":{"name":"Claude ACAM","@id":"https:\/\/webradio.ac-am.fr\/#\/schema\/person\/040dc681778e9280372593043d05ac55"},"headline":"Cr\u00e9ation d&#039;un crop circle.","datePublished":"2009-10-14T07:43:16+00:00","dateModified":"2023-08-05T17:32:50+00:00","mainEntityOfPage":{"@id":"https:\/\/webradio.ac-am.fr\/index.php\/2009\/10\/14\/creation-dun-crop-circle-2\/"},"wordCount":178,"commentCount":0,"publisher":{"@id":"https:\/\/webradio.ac-am.fr\/#\/schema\/person\/040dc681778e9280372593043d05ac55"},"keywords":["cercle de culture","Crop circle","doug bower","enchev\u00eatrement","extraterrestre","message","ovnis","ph\u00e9nom\u00e8ne","symbolisme","Terre","vaisseau"],"articleSection":["Extraterrestres\/OVNIS"],"inLanguage":"fr-FR","potentialAction":[{"@type":"CommentAction","name":"Comment","target":["https:\/\/webradio.ac-am.fr\/index.php\/2009\/10\/14\/creation-dun-crop-circle-2\/#respond"]}]},{"@type":"WebPage","@id":"https:\/\/webradio.ac-am.fr\/index.php\/2009\/10\/14\/creation-dun-crop-circle-2\/","url":"https:\/\/webradio.ac-am.fr\/index.php\/2009\/10\/14\/creation-dun-crop-circle-2\/","name":"Cr\u00e9ation d&#039;un crop circle. - ACAMwr","isPartOf":{"@id":"https:\/\/webradio.ac-am.fr\/#website"},"datePublished":"2009-10-14T07:43:16+00:00","dateModified":"2023-08-05T17:32:50+00:00","description":"Est-ce un message \u00e0 l'adresse de notre subconscient comme le sugg\u00e8re Georges Wingfeld, quelque chose qui nous \u00e9chappe...","breadcrumb":{"@id":"https:\/\/webradio.ac-am.fr\/index.php\/2009\/10\/14\/creation-dun-crop-circle-2\/#breadcrumb"},"inLanguage":"fr-FR","potentialAction":[{"@type":"ReadAction","target":["https:\/\/webradio.ac-am.fr\/index.php\/2009\/10\/14\/creation-dun-crop-circle-2\/"]}]},{"@type":"BreadcrumbList","@id":"https:\/\/webradio.ac-am.fr\/index.php\/2009\/10\/14\/creation-dun-crop-circle-2\/#breadcrumb","itemListElement":[{"@type":"ListItem","position":1,"name":"Accueil","item":"https:\/\/webradio.ac-am.fr\/"},{"@type":"ListItem","position":2,"name":"Cr\u00e9ation d&#039;un crop circle."}]},{"@type":"WebSite","@id":"https:\/\/webradio.ac-am.fr\/#website","url":"https:\/\/webradio.ac-am.fr\/","name":"ACAMwr","description":"Webradio","publisher":{"@id":"https:\/\/webradio.ac-am.fr\/#\/schema\/person\/040dc681778e9280372593043d05ac55"},"potentialAction":[{"@type":"SearchAction","target":{"@type":"EntryPoint","urlTemplate":"https:\/\/webradio.ac-am.fr\/?s={search_term_string}"},"query-input":{"@type":"PropertyValueSpecification","valueRequired":true,"valueName":"search_term_string"}}],"inLanguage":"fr-FR"},{"@type":["Person","Organization"],"@id":"https:\/\/webradio.ac-am.fr\/#\/schema\/person\/040dc681778e9280372593043d05ac55","name":"Claude ACAM","image":{"@type":"ImageObject","inLanguage":"fr-FR","@id":"https:\/\/secure.gravatar.com\/avatar\/1fdd18c759fe3f24bdec86ace860d5560fdd7598b71f43ba8ea69b6732ad68e7?s=96&r=g","url":"https:\/\/secure.gravatar.com\/avatar\/1fdd18c759fe3f24bdec86ace860d5560fdd7598b71f43ba8ea69b6732ad68e7?s=96&r=g","contentUrl":"https:\/\/secure.gravatar.com\/avatar\/1fdd18c759fe3f24bdec86ace860d5560fdd7598b71f43ba8ea69b6732ad68e7?s=96&r=g","caption":"Claude ACAM"},"logo":{"@id":"https:\/\/secure.gravatar.com\/avatar\/1fdd18c759fe3f24bdec86ace860d5560fdd7598b71f43ba8ea69b6732ad68e7?s=96&r=g"}}]}},"_links":{"self":[{"href":"https:\/\/webradio.ac-am.fr\/index.php\/wp-json\/wp\/v2\/posts\/186","targetHints":{"allow":["GET"]}}],"collection":[{"href":"https:\/\/webradio.ac-am.fr\/index.php\/wp-json\/wp\/v2\/posts"}],"about":[{"href":"https:\/\/webradio.ac-am.fr\/index.php\/wp-json\/wp\/v2\/types\/post"}],"author":[{"embeddable":true,"href":"https:\/\/webradio.ac-am.fr\/index.php\/wp-json\/wp\/v2\/users\/1"}],"replies":[{"embeddable":true,"href":"https:\/\/webradio.ac-am.fr\/index.php\/wp-json\/wp\/v2\/comments?post=186"}],"version-history":[{"count":1,"href":"https:\/\/webradio.ac-am.fr\/index.php\/wp-json\/wp\/v2\/posts\/186\/revisions"}],"predecessor-version":[{"id":3159,"href":"https:\/\/webradio.ac-am.fr\/index.php\/wp-json\/wp\/v2\/posts\/186\/revisions\/3159"}],"wp:attachment":[{"href":"https:\/\/webradio.ac-am.fr\/index.php\/wp-json\/wp\/v2\/media?parent=186"}],"wp:term":[{"taxonomy":"category","embeddable":true,"href":"https:\/\/webradio.ac-am.fr\/index.php\/wp-json\/wp\/v2\/categories?post=186"},{"taxonomy":"post_tag","embeddable":true,"href":"https:\/\/webradio.ac-am.fr\/index.php\/wp-json\/wp\/v2\/tags?post=186"}],"curies":[{"name":"wp","href":"https:\/\/api.w.org\/{rel}","templated":true}]}}