{"id":2138,"date":"2013-02-15T16:32:05","date_gmt":"2013-02-15T15:32:05","guid":{"rendered":"http:\/\/192.168.53.6\/?p=1"},"modified":"2023-05-20T18:27:20","modified_gmt":"2023-05-20T16:27:20","slug":"quand-la-nasa-filme-un-vaisseau-mre-partir-de-liss-sans-flooter-extraordinaire-non","status":"publish","type":"post","link":"https:\/\/webradio.ac-am.fr\/index.php\/2013\/02\/15\/quand-la-nasa-filme-un-vaisseau-mre-partir-de-liss-sans-flooter-extraordinaire-non\/","title":{"rendered":"Quand la Nasa filme un vaisseau m&#232;re &#224; partir de l&#039;ISS sans flooter, extraordinaire non!!!"},"content":{"rendered":"\n<figure class=\"wp-block-video\"><video controls src=\"https:\/\/videos.ac-am.fr\/Items\/561c1c7125304619b19731ad0e182ff2\/Download?api_key=67b0bb80b6bf475998b24ccf1bd84219\"><\/video><\/figure>\n\n\n<table style=\"width: 100%: border: none;\">\n<tbody>\n<tr>\n<td style=\"text-align: left; border: none;\">Voici une vid\u00e9o prise, en mars 2013, par la station ISS o\u00f9 l&rsquo;on aper\u00e7oit, sur une orbite basse, un magnifique \u00ab cigare \u00bb, vaisseau m\u00e8re&#8230; Adamski, fut l&rsquo;un des premiers \u00e0 parler de ces vaisseaux permettant aux petits ovnis de se d\u00e9placer sur notre plan\u00e8te&#8230;<\/td>\n<\/tr>\n<tr>\n<td style=\"text-align: left; border: none;\"><a class=\"yt-uix-redirect-link\" dir=\"ltr\" title=\"Adamski ! V\u00e9rit\u00e9 ou arnaque ?\" href=\"https:\/\/www.ac-am.fr\/index.php\/1996\/03\/18\/adamski-verite-ou-arnaque\/\" target=\"_blank\" rel=\"nofollow noopener noreferrer\"><span style=\"text-decoration: underline;\"><span style=\"color: #0066cc;\">https:\/\/www.ac-am.fr\/index.php\/1996\/03\/18\/adamski-verite-ou-arnaque\/<\/span><\/span><\/a><\/td>\n<\/tr>\n<tr>\n<td style=\"text-align: left; border: none;\">Plusieurs pilotes et t\u00e9moins (voir la vid\u00e9o n\u00b011) ont aper\u00e7u ce type de forme dont la longueur peut atteindre plusieurs kilom\u00e8tres&#8230;Je souris car il n&rsquo;y a jamais eu autant de mouvements au-dessus de nos t\u00eates et nous continuons \u00e0 vivre dans l&rsquo;ignorance la plus totale, la t\u00eate baiss\u00e9e vers le sol&#8230;Merci \u00e0 THOR pour cette vid\u00e9o&#8230;<\/td>\n<\/tr>\n<\/tbody>\n<\/table>","protected":false},"excerpt":{"rendered":"<p>Voici une vid\u00e9o prise, en mars 2013, par la station ISS o\u00f9 l&rsquo;on aper\u00e7oit, sur une orbite basse, un magnifique [&hellip;]<\/p>\n","protected":false},"author":1,"featured_media":0,"comment_status":"open","ping_status":"open","sticky":false,"template":"","format":"video","meta":{"footnotes":""},"categories":[261],"tags":[262,263,264,265,266,267,268],"class_list":["post-2138","post","type-post","status-publish","format-video","hentry","category-ovnis","tag-cigare","tag-iss","tag-nasa","tag-ovnis-2","tag-planete","tag-terre","tag-vaisseaux-mere","post_format-post-format-video"],"yoast_head":"<!-- This site is optimized with the Yoast SEO plugin v27.2 - https:\/\/yoast.com\/product\/yoast-seo-wordpress\/ -->\n<title>Quand la Nasa filme un vaisseau m\u00e8re \u00e0 partir de l&#039;ISS sans flooter.<\/title>\n<meta name=\"description\" content=\"Voici une vid\u00e9o prise, en mars 2013, par la station ISS o\u00f9 l&#039;on aper\u00e7oit, sur une orbite basse, un magnifique \u00ab cigare \u00bb, vaisseau m\u00e8re...\" \/>\n<meta name=\"robots\" content=\"index, follow, max-snippet:-1, max-image-preview:large, max-video-preview:-1\" \/>\n<link rel=\"canonical\" href=\"https:\/\/webradio.ac-am.fr\/index.php\/2013\/02\/15\/quand-la-nasa-filme-un-vaisseau-mre-partir-de-liss-sans-flooter-extraordinaire-non\/\" \/>\n<meta property=\"og:locale\" content=\"fr_FR\" \/>\n<meta property=\"og:type\" content=\"article\" \/>\n<meta property=\"og:title\" content=\"Quand la Nasa filme un vaisseau m\u00e8re \u00e0 partir de l&#039;ISS sans flooter.\" \/>\n<meta property=\"og:description\" content=\"Voici une vid\u00e9o prise, en mars 2013, par la station ISS o\u00f9 l&#039;on aper\u00e7oit, sur une orbite basse, un magnifique \u00ab cigare \u00bb, vaisseau m\u00e8re...\" \/>\n<meta property=\"og:url\" content=\"https:\/\/webradio.ac-am.fr\/index.php\/2013\/02\/15\/quand-la-nasa-filme-un-vaisseau-mre-partir-de-liss-sans-flooter-extraordinaire-non\/\" \/>\n<meta property=\"og:site_name\" content=\"ACAMwr\" \/>\n<meta property=\"article:published_time\" content=\"2013-02-15T15:32:05+00:00\" \/>\n<meta property=\"article:modified_time\" content=\"2023-05-20T16:27:20+00:00\" \/>\n<meta name=\"author\" content=\"Claude ACAM\" \/>\n<meta name=\"twitter:card\" content=\"summary_large_image\" \/>\n<meta name=\"twitter:label1\" content=\"\u00c9crit par\" \/>\n\t<meta name=\"twitter:data1\" content=\"Claude ACAM\" \/>\n\t<meta name=\"twitter:label2\" content=\"Dur\u00e9e de lecture estim\u00e9e\" \/>\n\t<meta name=\"twitter:data2\" content=\"1 minute\" \/>\n<script type=\"application\/ld+json\" class=\"yoast-schema-graph\">{\"@context\":\"https:\/\/schema.org\",\"@graph\":[{\"@type\":\"Article\",\"@id\":\"https:\/\/webradio.ac-am.fr\/index.php\/2013\/02\/15\/quand-la-nasa-filme-un-vaisseau-mre-partir-de-liss-sans-flooter-extraordinaire-non\/#article\",\"isPartOf\":{\"@id\":\"https:\/\/webradio.ac-am.fr\/index.php\/2013\/02\/15\/quand-la-nasa-filme-un-vaisseau-mre-partir-de-liss-sans-flooter-extraordinaire-non\/\"},\"author\":{\"name\":\"Claude ACAM\",\"@id\":\"https:\/\/webradio.ac-am.fr\/#\/schema\/person\/040dc681778e9280372593043d05ac55\"},\"headline\":\"Quand la Nasa filme un vaisseau m&#232;re &#224; partir de l&#039;ISS sans flooter, extraordinaire non!!!\",\"datePublished\":\"2013-02-15T15:32:05+00:00\",\"dateModified\":\"2023-05-20T16:27:20+00:00\",\"mainEntityOfPage\":{\"@id\":\"https:\/\/webradio.ac-am.fr\/index.php\/2013\/02\/15\/quand-la-nasa-filme-un-vaisseau-mre-partir-de-liss-sans-flooter-extraordinaire-non\/\"},\"wordCount\":133,\"commentCount\":1,\"publisher\":{\"@id\":\"https:\/\/webradio.ac-am.fr\/#\/schema\/person\/040dc681778e9280372593043d05ac55\"},\"keywords\":[\"cigare\",\"ISS\",\"NASA\",\"ovnis\",\"plan\u00e8te\",\"Terre\",\"Vaisseaux-m\u00e8re\"],\"articleSection\":[\"Extraterrestres\/OVNIS\"],\"inLanguage\":\"fr-FR\",\"potentialAction\":[{\"@type\":\"CommentAction\",\"name\":\"Comment\",\"target\":[\"https:\/\/webradio.ac-am.fr\/index.php\/2013\/02\/15\/quand-la-nasa-filme-un-vaisseau-mre-partir-de-liss-sans-flooter-extraordinaire-non\/#respond\"]}]},{\"@type\":\"WebPage\",\"@id\":\"https:\/\/webradio.ac-am.fr\/index.php\/2013\/02\/15\/quand-la-nasa-filme-un-vaisseau-mre-partir-de-liss-sans-flooter-extraordinaire-non\/\",\"url\":\"https:\/\/webradio.ac-am.fr\/index.php\/2013\/02\/15\/quand-la-nasa-filme-un-vaisseau-mre-partir-de-liss-sans-flooter-extraordinaire-non\/\",\"name\":\"Quand la Nasa filme un vaisseau m\u00e8re \u00e0 partir de l'ISS sans flooter.\",\"isPartOf\":{\"@id\":\"https:\/\/webradio.ac-am.fr\/#website\"},\"datePublished\":\"2013-02-15T15:32:05+00:00\",\"dateModified\":\"2023-05-20T16:27:20+00:00\",\"description\":\"Voici une vid\u00e9o prise, en mars 2013, par la station ISS o\u00f9 l'on aper\u00e7oit, sur une orbite basse, un magnifique \u00ab cigare \u00bb, vaisseau m\u00e8re...\",\"breadcrumb\":{\"@id\":\"https:\/\/webradio.ac-am.fr\/index.php\/2013\/02\/15\/quand-la-nasa-filme-un-vaisseau-mre-partir-de-liss-sans-flooter-extraordinaire-non\/#breadcrumb\"},\"inLanguage\":\"fr-FR\",\"potentialAction\":[{\"@type\":\"ReadAction\",\"target\":[\"https:\/\/webradio.ac-am.fr\/index.php\/2013\/02\/15\/quand-la-nasa-filme-un-vaisseau-mre-partir-de-liss-sans-flooter-extraordinaire-non\/\"]}]},{\"@type\":\"BreadcrumbList\",\"@id\":\"https:\/\/webradio.ac-am.fr\/index.php\/2013\/02\/15\/quand-la-nasa-filme-un-vaisseau-mre-partir-de-liss-sans-flooter-extraordinaire-non\/#breadcrumb\",\"itemListElement\":[{\"@type\":\"ListItem\",\"position\":1,\"name\":\"Accueil\",\"item\":\"https:\/\/webradio.ac-am.fr\/\"},{\"@type\":\"ListItem\",\"position\":2,\"name\":\"Quand la Nasa filme un vaisseau m&#232;re &#224; partir de l&#039;ISS sans flooter, extraordinaire non!!!\"}]},{\"@type\":\"WebSite\",\"@id\":\"https:\/\/webradio.ac-am.fr\/#website\",\"url\":\"https:\/\/webradio.ac-am.fr\/\",\"name\":\"ACAMwr\",\"description\":\"Webradio\",\"publisher\":{\"@id\":\"https:\/\/webradio.ac-am.fr\/#\/schema\/person\/040dc681778e9280372593043d05ac55\"},\"potentialAction\":[{\"@type\":\"SearchAction\",\"target\":{\"@type\":\"EntryPoint\",\"urlTemplate\":\"https:\/\/webradio.ac-am.fr\/?s={search_term_string}\"},\"query-input\":{\"@type\":\"PropertyValueSpecification\",\"valueRequired\":true,\"valueName\":\"search_term_string\"}}],\"inLanguage\":\"fr-FR\"},{\"@type\":[\"Person\",\"Organization\"],\"@id\":\"https:\/\/webradio.ac-am.fr\/#\/schema\/person\/040dc681778e9280372593043d05ac55\",\"name\":\"Claude ACAM\",\"image\":{\"@type\":\"ImageObject\",\"inLanguage\":\"fr-FR\",\"@id\":\"https:\/\/secure.gravatar.com\/avatar\/1fdd18c759fe3f24bdec86ace860d5560fdd7598b71f43ba8ea69b6732ad68e7?s=96&r=g\",\"url\":\"https:\/\/secure.gravatar.com\/avatar\/1fdd18c759fe3f24bdec86ace860d5560fdd7598b71f43ba8ea69b6732ad68e7?s=96&r=g\",\"contentUrl\":\"https:\/\/secure.gravatar.com\/avatar\/1fdd18c759fe3f24bdec86ace860d5560fdd7598b71f43ba8ea69b6732ad68e7?s=96&r=g\",\"caption\":\"Claude ACAM\"},\"logo\":{\"@id\":\"https:\/\/secure.gravatar.com\/avatar\/1fdd18c759fe3f24bdec86ace860d5560fdd7598b71f43ba8ea69b6732ad68e7?s=96&r=g\"}}]}<\/script>\n<!-- \/ Yoast SEO plugin. -->","yoast_head_json":{"title":"Quand la Nasa filme un vaisseau m\u00e8re \u00e0 partir de l'ISS sans flooter.","description":"Voici une vid\u00e9o prise, en mars 2013, par la station ISS o\u00f9 l'on aper\u00e7oit, sur une orbite basse, un magnifique \u00ab cigare \u00bb, vaisseau m\u00e8re...","robots":{"index":"index","follow":"follow","max-snippet":"max-snippet:-1","max-image-preview":"max-image-preview:large","max-video-preview":"max-video-preview:-1"},"canonical":"https:\/\/webradio.ac-am.fr\/index.php\/2013\/02\/15\/quand-la-nasa-filme-un-vaisseau-mre-partir-de-liss-sans-flooter-extraordinaire-non\/","og_locale":"fr_FR","og_type":"article","og_title":"Quand la Nasa filme un vaisseau m\u00e8re \u00e0 partir de l'ISS sans flooter.","og_description":"Voici une vid\u00e9o prise, en mars 2013, par la station ISS o\u00f9 l'on aper\u00e7oit, sur une orbite basse, un magnifique \u00ab cigare \u00bb, vaisseau m\u00e8re...","og_url":"https:\/\/webradio.ac-am.fr\/index.php\/2013\/02\/15\/quand-la-nasa-filme-un-vaisseau-mre-partir-de-liss-sans-flooter-extraordinaire-non\/","og_site_name":"ACAMwr","article_published_time":"2013-02-15T15:32:05+00:00","article_modified_time":"2023-05-20T16:27:20+00:00","author":"Claude ACAM","twitter_card":"summary_large_image","twitter_misc":{"\u00c9crit par":"Claude ACAM","Dur\u00e9e de lecture estim\u00e9e":"1 minute"},"schema":{"@context":"https:\/\/schema.org","@graph":[{"@type":"Article","@id":"https:\/\/webradio.ac-am.fr\/index.php\/2013\/02\/15\/quand-la-nasa-filme-un-vaisseau-mre-partir-de-liss-sans-flooter-extraordinaire-non\/#article","isPartOf":{"@id":"https:\/\/webradio.ac-am.fr\/index.php\/2013\/02\/15\/quand-la-nasa-filme-un-vaisseau-mre-partir-de-liss-sans-flooter-extraordinaire-non\/"},"author":{"name":"Claude ACAM","@id":"https:\/\/webradio.ac-am.fr\/#\/schema\/person\/040dc681778e9280372593043d05ac55"},"headline":"Quand la Nasa filme un vaisseau m&#232;re &#224; partir de l&#039;ISS sans flooter, extraordinaire non!!!","datePublished":"2013-02-15T15:32:05+00:00","dateModified":"2023-05-20T16:27:20+00:00","mainEntityOfPage":{"@id":"https:\/\/webradio.ac-am.fr\/index.php\/2013\/02\/15\/quand-la-nasa-filme-un-vaisseau-mre-partir-de-liss-sans-flooter-extraordinaire-non\/"},"wordCount":133,"commentCount":1,"publisher":{"@id":"https:\/\/webradio.ac-am.fr\/#\/schema\/person\/040dc681778e9280372593043d05ac55"},"keywords":["cigare","ISS","NASA","ovnis","plan\u00e8te","Terre","Vaisseaux-m\u00e8re"],"articleSection":["Extraterrestres\/OVNIS"],"inLanguage":"fr-FR","potentialAction":[{"@type":"CommentAction","name":"Comment","target":["https:\/\/webradio.ac-am.fr\/index.php\/2013\/02\/15\/quand-la-nasa-filme-un-vaisseau-mre-partir-de-liss-sans-flooter-extraordinaire-non\/#respond"]}]},{"@type":"WebPage","@id":"https:\/\/webradio.ac-am.fr\/index.php\/2013\/02\/15\/quand-la-nasa-filme-un-vaisseau-mre-partir-de-liss-sans-flooter-extraordinaire-non\/","url":"https:\/\/webradio.ac-am.fr\/index.php\/2013\/02\/15\/quand-la-nasa-filme-un-vaisseau-mre-partir-de-liss-sans-flooter-extraordinaire-non\/","name":"Quand la Nasa filme un vaisseau m\u00e8re \u00e0 partir de l'ISS sans flooter.","isPartOf":{"@id":"https:\/\/webradio.ac-am.fr\/#website"},"datePublished":"2013-02-15T15:32:05+00:00","dateModified":"2023-05-20T16:27:20+00:00","description":"Voici une vid\u00e9o prise, en mars 2013, par la station ISS o\u00f9 l'on aper\u00e7oit, sur une orbite basse, un magnifique \u00ab cigare \u00bb, vaisseau m\u00e8re...","breadcrumb":{"@id":"https:\/\/webradio.ac-am.fr\/index.php\/2013\/02\/15\/quand-la-nasa-filme-un-vaisseau-mre-partir-de-liss-sans-flooter-extraordinaire-non\/#breadcrumb"},"inLanguage":"fr-FR","potentialAction":[{"@type":"ReadAction","target":["https:\/\/webradio.ac-am.fr\/index.php\/2013\/02\/15\/quand-la-nasa-filme-un-vaisseau-mre-partir-de-liss-sans-flooter-extraordinaire-non\/"]}]},{"@type":"BreadcrumbList","@id":"https:\/\/webradio.ac-am.fr\/index.php\/2013\/02\/15\/quand-la-nasa-filme-un-vaisseau-mre-partir-de-liss-sans-flooter-extraordinaire-non\/#breadcrumb","itemListElement":[{"@type":"ListItem","position":1,"name":"Accueil","item":"https:\/\/webradio.ac-am.fr\/"},{"@type":"ListItem","position":2,"name":"Quand la Nasa filme un vaisseau m&#232;re &#224; partir de l&#039;ISS sans flooter, extraordinaire non!!!"}]},{"@type":"WebSite","@id":"https:\/\/webradio.ac-am.fr\/#website","url":"https:\/\/webradio.ac-am.fr\/","name":"ACAMwr","description":"Webradio","publisher":{"@id":"https:\/\/webradio.ac-am.fr\/#\/schema\/person\/040dc681778e9280372593043d05ac55"},"potentialAction":[{"@type":"SearchAction","target":{"@type":"EntryPoint","urlTemplate":"https:\/\/webradio.ac-am.fr\/?s={search_term_string}"},"query-input":{"@type":"PropertyValueSpecification","valueRequired":true,"valueName":"search_term_string"}}],"inLanguage":"fr-FR"},{"@type":["Person","Organization"],"@id":"https:\/\/webradio.ac-am.fr\/#\/schema\/person\/040dc681778e9280372593043d05ac55","name":"Claude ACAM","image":{"@type":"ImageObject","inLanguage":"fr-FR","@id":"https:\/\/secure.gravatar.com\/avatar\/1fdd18c759fe3f24bdec86ace860d5560fdd7598b71f43ba8ea69b6732ad68e7?s=96&r=g","url":"https:\/\/secure.gravatar.com\/avatar\/1fdd18c759fe3f24bdec86ace860d5560fdd7598b71f43ba8ea69b6732ad68e7?s=96&r=g","contentUrl":"https:\/\/secure.gravatar.com\/avatar\/1fdd18c759fe3f24bdec86ace860d5560fdd7598b71f43ba8ea69b6732ad68e7?s=96&r=g","caption":"Claude ACAM"},"logo":{"@id":"https:\/\/secure.gravatar.com\/avatar\/1fdd18c759fe3f24bdec86ace860d5560fdd7598b71f43ba8ea69b6732ad68e7?s=96&r=g"}}]}},"_links":{"self":[{"href":"https:\/\/webradio.ac-am.fr\/index.php\/wp-json\/wp\/v2\/posts\/2138","targetHints":{"allow":["GET"]}}],"collection":[{"href":"https:\/\/webradio.ac-am.fr\/index.php\/wp-json\/wp\/v2\/posts"}],"about":[{"href":"https:\/\/webradio.ac-am.fr\/index.php\/wp-json\/wp\/v2\/types\/post"}],"author":[{"embeddable":true,"href":"https:\/\/webradio.ac-am.fr\/index.php\/wp-json\/wp\/v2\/users\/1"}],"replies":[{"embeddable":true,"href":"https:\/\/webradio.ac-am.fr\/index.php\/wp-json\/wp\/v2\/comments?post=2138"}],"version-history":[{"count":3,"href":"https:\/\/webradio.ac-am.fr\/index.php\/wp-json\/wp\/v2\/posts\/2138\/revisions"}],"predecessor-version":[{"id":3113,"href":"https:\/\/webradio.ac-am.fr\/index.php\/wp-json\/wp\/v2\/posts\/2138\/revisions\/3113"}],"wp:attachment":[{"href":"https:\/\/webradio.ac-am.fr\/index.php\/wp-json\/wp\/v2\/media?parent=2138"}],"wp:term":[{"taxonomy":"category","embeddable":true,"href":"https:\/\/webradio.ac-am.fr\/index.php\/wp-json\/wp\/v2\/categories?post=2138"},{"taxonomy":"post_tag","embeddable":true,"href":"https:\/\/webradio.ac-am.fr\/index.php\/wp-json\/wp\/v2\/tags?post=2138"}],"curies":[{"name":"wp","href":"https:\/\/api.w.org\/{rel}","templated":true}]}}