{"id":266,"date":"2015-09-13T23:03:57","date_gmt":"2015-09-13T22:03:57","guid":{"rendered":"http:\/\/www.ljbf.fr:5040\/?p=266"},"modified":"2023-05-01T17:15:28","modified_gmt":"2023-05-01T15:15:28","slug":"2eme-entretien-de-la-reptilienne-en-2003-le-dossier-lacerta","status":"publish","type":"post","link":"https:\/\/webradio.ac-am.fr\/index.php\/2015\/09\/13\/2eme-entretien-de-la-reptilienne-en-2003-le-dossier-lacerta\/","title":{"rendered":"2\u00e8me Entretien de la Reptilienne en 2003: Le Dossier Lacerta"},"content":{"rendered":"\n<figure class=\"wp-block-video\"><video controls src=\"https:\/\/videos.ac-am.fr\/Items\/a4470c5c29fc200fcbbfce5187eff1bb\/Download?api_key=2b871f90e5e54152b780fab4a18f0e8e\"><\/video><\/figure>\n\n\n<table style=\"width: 100%: border: none;\">\n<tbody>\n<tr>\n<td style=\"text-align: left; border: none;\">Lacerta: 2\u00e8me interview de la reptilienne en 2003:<p><\/p>\n<p>Suite et fin de l\u2019interview de Lacerta, r\u00e9alis\u00e9 en 2003, soit 3 ans apr\u00e8s la premi\u00e8re partie. De nombreuses corrections de fautes et rectifications dans la traduction fran\u00e7aise ont \u00e9t\u00e9 apport\u00e9es par la r\u00e9daction de Mondes Invisibles, ce qui en fait \u00e0 ma connaissance la seule version francophone lisible, tant les fautes de traductions \u00e9taient nombreuses, m\u00eame si il reste beaucoup de points et de syntaxes \u00e9tranges.<\/p>\n<p>Encore une fois je r\u00e9affirme que ce qui suit est absolument vrai et non pas une fiction. Il se compose de trois cassettes originales enregistr\u00e9es le 24 avril 2000 avec un magn\u00e9tophone lors de mon second entretien avec la cr\u00e9ature reptilienne connue sous le nom \u00ab LACERTA \u00bb.<br>\n\u00c0 la demande de LACERTA, le texte original de 31 pages a \u00e9t\u00e9 r\u00e9vis\u00e9 et ramen\u00e9 \u00e0 mieux r\u00e9pondre aux quelques questions et r\u00e9ponses. Certaines questions ont \u00e9t\u00e9 partiellement r\u00e9duite ou modifi\u00e9e, en gardant le message et le sens original.<br>\nCette partie de l\u2019entrevue, que ce soit mentionn\u00e9 ou non mentionn\u00e9s directement dans la transcription, se rapporte principalement \u00e0 des probl\u00e8mes personnels, \u00e0 des manifestations paranormales, au syst\u00e8me social de l\u2019esp\u00e8ce des REPTILIENS, \u00e0 la technologie \u00e9trang\u00e8re et \u00e0 la physique.<\/p>\n<p>Sur les conseils de LACERTA, il a \u00e9t\u00e9 d\u00e9cid\u00e9 de garder mon identit\u00e9 secr\u00e8te, deux jours seulement apr\u00e8s la diffusion du document, car il y avait d\u2019\u00e9tranges \u00e9v\u00e8nements en retour.<\/p>\n<p>Dans cet interview, je me ferais appel\u00e9 OLE K, ce n\u2019est bien \u00e9videmment pas mon nom v\u00e9ritable.<\/p>\n<p>S\u2019il vous pla\u00eet ne me consid\u00e9rez pas comme parano\u00efaque, mais toutefois la publication de ce second interview a attir\u00e9 l\u2019attention de certains fonctionnaires ou de certains organismes d\u2019Etat. Car bien que je n\u2019y croyais pas, apr\u00e8s les \u00e9v\u00e8nements de Janvier, j\u2019ai commenc\u00e9 \u00e0 changer mes croyances. Tout a commenc\u00e9 avec une panne de ma ligne t\u00e9l\u00e9phonique pendant plusieurs heures. Lorsque le t\u00e9l\u00e9phone est redevenu op\u00e9rationnel, il a commenc\u00e9 \u00e0 y avoir d\u2019 \u00e9tranges \u00e9chos et des bruits de fond lors de mes appels.<\/p>\n<p>Pendant la nuit, des donn\u00e9es importantes ont disparu de mon disque dur. Le scanner signal\u00e9 \u00ab des secteurs d\u00e9fectueux \u00bb, qui curieusement correspondent \u00e0 des zones ayant contenues ces donn\u00e9es, images et documents textes de l\u2019interview de LACERTA.<\/p>\n<p>Ces \u00ab secteurs d\u00e9fectueux \u00bb contenait \u00e9galement des donn\u00e9es sur certaines de mes recherches sur le paranormal (Heureusement, le mat\u00e9riel avait \u00e9t\u00e9 stock\u00e9 sur un autre disque dur).<\/p>\n<p>J\u2019ai aussi d\u00e9couvert par pur hasard des donn\u00e9es cach\u00e9es dans un r\u00e9pertoire cach\u00e9. Le nom qui appara\u00eet dans les donn\u00e9es et la structure de r\u00e9pertoire a \u00e9t\u00e9 d\u00e9couvert nomm\u00e9 \u00ab E72UJ. \u00bb<\/p>\n<p>Un ami, un expert en informatique, a \u00e9t\u00e9 incapable d\u2019obtenir quoi que ce soit de ce signe et alors que je devais le montrer \u00e0 tous, la structure du r\u00e9pertoire avait disparu. Un soir, j\u2019ai trouv\u00e9 la porte ouverte de mon appartement et mon t\u00e9l\u00e9viseur en marche alors que je suis absolument s\u00fbr de l\u2019avoir mis hors tension.<\/p>\n<p>Un minibus avec des symboles britanniques et le logo d\u2019une cha\u00eene de supermarch\u00e9s europ\u00e9ens \u00e9tait gar\u00e9e devant ma maison. J\u2019ai remarqu\u00e9 que la fourgonnette, suivait ma voiture plusieurs fois le m\u00eame jour, \u00e0 une distance raisonnable pour ne pas \u00eatre trop rep\u00e9r\u00e9e. Quand je suis rentr\u00e9, la fourgonnette \u00e9tait de retour dans la rue. Je n\u2019ai jamais vu personne entrer ou sortir de celle ci. J\u2019ai frapp\u00e9 \u00e0 la porti\u00e8re et aux fen\u00eatres sans jamais provoquer aucune r\u00e9action de l\u2019int\u00e9rieur. Apr\u00e8s environ deux semaines, la fourgonnette a de nouveau disparu. Ayant v\u00e9cu ces \u00e9v\u00e8nements LACERTA m\u2019a sugg\u00e9r\u00e9 de modifier le lieu de la rencontre et la date pour assurer notre s\u00e9curit\u00e9. La r\u00e9union a eu lieu le 27 avril 2000 dans un endroit isol\u00e9.<\/p>\n<p>Encore une fois, tout cela peut sembler \u00e9trange et parano\u00efaque, un peu comme une \u0153uvre de fiction tir\u00e9e d\u2019un film science fiction s\u00e9rie B, cependant, je ne peux que r\u00e9p\u00e9ter : Croyez-moi ou ne me croyez pas, ces choses se sont bien pass\u00e9es et continuent de se produire\u2026 Cela veut dire que nous sommes surveill\u00e9s et que Notre Libert\u00e9 est en danger.<\/p>\n<p>Phoenix Anonymous<\/p>\n<\/td>\n<\/tr>\n<\/tbody>\n<\/table>","protected":false},"excerpt":{"rendered":"<p>Lacerta: 2\u00e8me interview de la reptilienne en 2003: Suite et fin de l\u2019interview de Lacerta, r\u00e9alis\u00e9 en 2003, soit 3 [&hellip;]<\/p>\n","protected":false},"author":1,"featured_media":0,"comment_status":"open","ping_status":"open","sticky":false,"template":"","format":"standard","meta":{"footnotes":""},"categories":[53],"tags":[333,297,363,364,365,267,302,268],"class_list":["post-266","post","type-post","status-publish","format-standard","hentry","category-documentaires","tag-civilisation","tag-guerre-des-etoiles","tag-humain","tag-interview","tag-reptilienne","tag-terre","tag-vaisseau","tag-vaisseaux-mere"],"yoast_head":"<!-- This site is optimized with the Yoast SEO plugin v27.2 - https:\/\/yoast.com\/product\/yoast-seo-wordpress\/ -->\n<title>2\u00e8me Entretien de la Reptilienne en 2003: Le Dossier Lacerta<\/title>\n<meta name=\"description\" content=\"Ayant v\u00e9cu ces \u00e9v\u00e8nements LACERTA m\u2019a sugg\u00e9r\u00e9 de modifier le lieu de la rencontre et la date pour assurer notre s\u00e9curit\u00e9.\" \/>\n<meta name=\"robots\" content=\"index, follow, max-snippet:-1, max-image-preview:large, max-video-preview:-1\" \/>\n<link rel=\"canonical\" href=\"https:\/\/webradio.ac-am.fr\/index.php\/2015\/09\/13\/2eme-entretien-de-la-reptilienne-en-2003-le-dossier-lacerta\/\" \/>\n<meta property=\"og:locale\" content=\"fr_FR\" \/>\n<meta property=\"og:type\" content=\"article\" \/>\n<meta property=\"og:title\" content=\"2\u00e8me Entretien de la Reptilienne en 2003: Le Dossier Lacerta\" \/>\n<meta property=\"og:description\" content=\"Ayant v\u00e9cu ces \u00e9v\u00e8nements LACERTA m\u2019a sugg\u00e9r\u00e9 de modifier le lieu de la rencontre et la date pour assurer notre s\u00e9curit\u00e9.\" \/>\n<meta property=\"og:url\" content=\"https:\/\/webradio.ac-am.fr\/index.php\/2015\/09\/13\/2eme-entretien-de-la-reptilienne-en-2003-le-dossier-lacerta\/\" \/>\n<meta property=\"og:site_name\" content=\"ACAMwr\" \/>\n<meta property=\"article:published_time\" content=\"2015-09-13T22:03:57+00:00\" \/>\n<meta property=\"article:modified_time\" content=\"2023-05-01T15:15:28+00:00\" \/>\n<meta name=\"author\" content=\"Claude ACAM\" \/>\n<meta name=\"twitter:card\" content=\"summary_large_image\" \/>\n<meta name=\"twitter:label1\" content=\"\u00c9crit par\" \/>\n\t<meta name=\"twitter:data1\" content=\"Claude ACAM\" \/>\n\t<meta name=\"twitter:label2\" content=\"Dur\u00e9e de lecture estim\u00e9e\" \/>\n\t<meta name=\"twitter:data2\" content=\"4 minutes\" \/>\n<script type=\"application\/ld+json\" class=\"yoast-schema-graph\">{\"@context\":\"https:\/\/schema.org\",\"@graph\":[{\"@type\":\"Article\",\"@id\":\"https:\/\/webradio.ac-am.fr\/index.php\/2015\/09\/13\/2eme-entretien-de-la-reptilienne-en-2003-le-dossier-lacerta\/#article\",\"isPartOf\":{\"@id\":\"https:\/\/webradio.ac-am.fr\/index.php\/2015\/09\/13\/2eme-entretien-de-la-reptilienne-en-2003-le-dossier-lacerta\/\"},\"author\":{\"name\":\"Claude ACAM\",\"@id\":\"https:\/\/webradio.ac-am.fr\/#\/schema\/person\/040dc681778e9280372593043d05ac55\"},\"headline\":\"2\u00e8me Entretien de la Reptilienne en 2003: Le Dossier Lacerta\",\"datePublished\":\"2015-09-13T22:03:57+00:00\",\"dateModified\":\"2023-05-01T15:15:28+00:00\",\"mainEntityOfPage\":{\"@id\":\"https:\/\/webradio.ac-am.fr\/index.php\/2015\/09\/13\/2eme-entretien-de-la-reptilienne-en-2003-le-dossier-lacerta\/\"},\"wordCount\":758,\"commentCount\":0,\"publisher\":{\"@id\":\"https:\/\/webradio.ac-am.fr\/#\/schema\/person\/040dc681778e9280372593043d05ac55\"},\"keywords\":[\"civilisation\",\"guerre des \u00e9toiles\",\"humain\",\"interview\",\"reptilienne\",\"Terre\",\"vaisseau\",\"Vaisseaux-m\u00e8re\"],\"articleSection\":[\"Documentaires\"],\"inLanguage\":\"fr-FR\",\"potentialAction\":[{\"@type\":\"CommentAction\",\"name\":\"Comment\",\"target\":[\"https:\/\/webradio.ac-am.fr\/index.php\/2015\/09\/13\/2eme-entretien-de-la-reptilienne-en-2003-le-dossier-lacerta\/#respond\"]}]},{\"@type\":\"WebPage\",\"@id\":\"https:\/\/webradio.ac-am.fr\/index.php\/2015\/09\/13\/2eme-entretien-de-la-reptilienne-en-2003-le-dossier-lacerta\/\",\"url\":\"https:\/\/webradio.ac-am.fr\/index.php\/2015\/09\/13\/2eme-entretien-de-la-reptilienne-en-2003-le-dossier-lacerta\/\",\"name\":\"2\u00e8me Entretien de la Reptilienne en 2003: Le Dossier Lacerta\",\"isPartOf\":{\"@id\":\"https:\/\/webradio.ac-am.fr\/#website\"},\"datePublished\":\"2015-09-13T22:03:57+00:00\",\"dateModified\":\"2023-05-01T15:15:28+00:00\",\"description\":\"Ayant v\u00e9cu ces \u00e9v\u00e8nements LACERTA m\u2019a sugg\u00e9r\u00e9 de modifier le lieu de la rencontre et la date pour assurer notre s\u00e9curit\u00e9.\",\"breadcrumb\":{\"@id\":\"https:\/\/webradio.ac-am.fr\/index.php\/2015\/09\/13\/2eme-entretien-de-la-reptilienne-en-2003-le-dossier-lacerta\/#breadcrumb\"},\"inLanguage\":\"fr-FR\",\"potentialAction\":[{\"@type\":\"ReadAction\",\"target\":[\"https:\/\/webradio.ac-am.fr\/index.php\/2015\/09\/13\/2eme-entretien-de-la-reptilienne-en-2003-le-dossier-lacerta\/\"]}]},{\"@type\":\"BreadcrumbList\",\"@id\":\"https:\/\/webradio.ac-am.fr\/index.php\/2015\/09\/13\/2eme-entretien-de-la-reptilienne-en-2003-le-dossier-lacerta\/#breadcrumb\",\"itemListElement\":[{\"@type\":\"ListItem\",\"position\":1,\"name\":\"Accueil\",\"item\":\"https:\/\/webradio.ac-am.fr\/\"},{\"@type\":\"ListItem\",\"position\":2,\"name\":\"2\u00e8me Entretien de la Reptilienne en 2003: Le Dossier Lacerta\"}]},{\"@type\":\"WebSite\",\"@id\":\"https:\/\/webradio.ac-am.fr\/#website\",\"url\":\"https:\/\/webradio.ac-am.fr\/\",\"name\":\"ACAMwr\",\"description\":\"Webradio\",\"publisher\":{\"@id\":\"https:\/\/webradio.ac-am.fr\/#\/schema\/person\/040dc681778e9280372593043d05ac55\"},\"potentialAction\":[{\"@type\":\"SearchAction\",\"target\":{\"@type\":\"EntryPoint\",\"urlTemplate\":\"https:\/\/webradio.ac-am.fr\/?s={search_term_string}\"},\"query-input\":{\"@type\":\"PropertyValueSpecification\",\"valueRequired\":true,\"valueName\":\"search_term_string\"}}],\"inLanguage\":\"fr-FR\"},{\"@type\":[\"Person\",\"Organization\"],\"@id\":\"https:\/\/webradio.ac-am.fr\/#\/schema\/person\/040dc681778e9280372593043d05ac55\",\"name\":\"Claude ACAM\",\"image\":{\"@type\":\"ImageObject\",\"inLanguage\":\"fr-FR\",\"@id\":\"https:\/\/secure.gravatar.com\/avatar\/1fdd18c759fe3f24bdec86ace860d5560fdd7598b71f43ba8ea69b6732ad68e7?s=96&r=g\",\"url\":\"https:\/\/secure.gravatar.com\/avatar\/1fdd18c759fe3f24bdec86ace860d5560fdd7598b71f43ba8ea69b6732ad68e7?s=96&r=g\",\"contentUrl\":\"https:\/\/secure.gravatar.com\/avatar\/1fdd18c759fe3f24bdec86ace860d5560fdd7598b71f43ba8ea69b6732ad68e7?s=96&r=g\",\"caption\":\"Claude ACAM\"},\"logo\":{\"@id\":\"https:\/\/secure.gravatar.com\/avatar\/1fdd18c759fe3f24bdec86ace860d5560fdd7598b71f43ba8ea69b6732ad68e7?s=96&r=g\"}}]}<\/script>\n<!-- \/ Yoast SEO plugin. -->","yoast_head_json":{"title":"2\u00e8me Entretien de la Reptilienne en 2003: Le Dossier Lacerta","description":"Ayant v\u00e9cu ces \u00e9v\u00e8nements LACERTA m\u2019a sugg\u00e9r\u00e9 de modifier le lieu de la rencontre et la date pour assurer notre s\u00e9curit\u00e9.","robots":{"index":"index","follow":"follow","max-snippet":"max-snippet:-1","max-image-preview":"max-image-preview:large","max-video-preview":"max-video-preview:-1"},"canonical":"https:\/\/webradio.ac-am.fr\/index.php\/2015\/09\/13\/2eme-entretien-de-la-reptilienne-en-2003-le-dossier-lacerta\/","og_locale":"fr_FR","og_type":"article","og_title":"2\u00e8me Entretien de la Reptilienne en 2003: Le Dossier Lacerta","og_description":"Ayant v\u00e9cu ces \u00e9v\u00e8nements LACERTA m\u2019a sugg\u00e9r\u00e9 de modifier le lieu de la rencontre et la date pour assurer notre s\u00e9curit\u00e9.","og_url":"https:\/\/webradio.ac-am.fr\/index.php\/2015\/09\/13\/2eme-entretien-de-la-reptilienne-en-2003-le-dossier-lacerta\/","og_site_name":"ACAMwr","article_published_time":"2015-09-13T22:03:57+00:00","article_modified_time":"2023-05-01T15:15:28+00:00","author":"Claude ACAM","twitter_card":"summary_large_image","twitter_misc":{"\u00c9crit par":"Claude ACAM","Dur\u00e9e de lecture estim\u00e9e":"4 minutes"},"schema":{"@context":"https:\/\/schema.org","@graph":[{"@type":"Article","@id":"https:\/\/webradio.ac-am.fr\/index.php\/2015\/09\/13\/2eme-entretien-de-la-reptilienne-en-2003-le-dossier-lacerta\/#article","isPartOf":{"@id":"https:\/\/webradio.ac-am.fr\/index.php\/2015\/09\/13\/2eme-entretien-de-la-reptilienne-en-2003-le-dossier-lacerta\/"},"author":{"name":"Claude ACAM","@id":"https:\/\/webradio.ac-am.fr\/#\/schema\/person\/040dc681778e9280372593043d05ac55"},"headline":"2\u00e8me Entretien de la Reptilienne en 2003: Le Dossier Lacerta","datePublished":"2015-09-13T22:03:57+00:00","dateModified":"2023-05-01T15:15:28+00:00","mainEntityOfPage":{"@id":"https:\/\/webradio.ac-am.fr\/index.php\/2015\/09\/13\/2eme-entretien-de-la-reptilienne-en-2003-le-dossier-lacerta\/"},"wordCount":758,"commentCount":0,"publisher":{"@id":"https:\/\/webradio.ac-am.fr\/#\/schema\/person\/040dc681778e9280372593043d05ac55"},"keywords":["civilisation","guerre des \u00e9toiles","humain","interview","reptilienne","Terre","vaisseau","Vaisseaux-m\u00e8re"],"articleSection":["Documentaires"],"inLanguage":"fr-FR","potentialAction":[{"@type":"CommentAction","name":"Comment","target":["https:\/\/webradio.ac-am.fr\/index.php\/2015\/09\/13\/2eme-entretien-de-la-reptilienne-en-2003-le-dossier-lacerta\/#respond"]}]},{"@type":"WebPage","@id":"https:\/\/webradio.ac-am.fr\/index.php\/2015\/09\/13\/2eme-entretien-de-la-reptilienne-en-2003-le-dossier-lacerta\/","url":"https:\/\/webradio.ac-am.fr\/index.php\/2015\/09\/13\/2eme-entretien-de-la-reptilienne-en-2003-le-dossier-lacerta\/","name":"2\u00e8me Entretien de la Reptilienne en 2003: Le Dossier Lacerta","isPartOf":{"@id":"https:\/\/webradio.ac-am.fr\/#website"},"datePublished":"2015-09-13T22:03:57+00:00","dateModified":"2023-05-01T15:15:28+00:00","description":"Ayant v\u00e9cu ces \u00e9v\u00e8nements LACERTA m\u2019a sugg\u00e9r\u00e9 de modifier le lieu de la rencontre et la date pour assurer notre s\u00e9curit\u00e9.","breadcrumb":{"@id":"https:\/\/webradio.ac-am.fr\/index.php\/2015\/09\/13\/2eme-entretien-de-la-reptilienne-en-2003-le-dossier-lacerta\/#breadcrumb"},"inLanguage":"fr-FR","potentialAction":[{"@type":"ReadAction","target":["https:\/\/webradio.ac-am.fr\/index.php\/2015\/09\/13\/2eme-entretien-de-la-reptilienne-en-2003-le-dossier-lacerta\/"]}]},{"@type":"BreadcrumbList","@id":"https:\/\/webradio.ac-am.fr\/index.php\/2015\/09\/13\/2eme-entretien-de-la-reptilienne-en-2003-le-dossier-lacerta\/#breadcrumb","itemListElement":[{"@type":"ListItem","position":1,"name":"Accueil","item":"https:\/\/webradio.ac-am.fr\/"},{"@type":"ListItem","position":2,"name":"2\u00e8me Entretien de la Reptilienne en 2003: Le Dossier Lacerta"}]},{"@type":"WebSite","@id":"https:\/\/webradio.ac-am.fr\/#website","url":"https:\/\/webradio.ac-am.fr\/","name":"ACAMwr","description":"Webradio","publisher":{"@id":"https:\/\/webradio.ac-am.fr\/#\/schema\/person\/040dc681778e9280372593043d05ac55"},"potentialAction":[{"@type":"SearchAction","target":{"@type":"EntryPoint","urlTemplate":"https:\/\/webradio.ac-am.fr\/?s={search_term_string}"},"query-input":{"@type":"PropertyValueSpecification","valueRequired":true,"valueName":"search_term_string"}}],"inLanguage":"fr-FR"},{"@type":["Person","Organization"],"@id":"https:\/\/webradio.ac-am.fr\/#\/schema\/person\/040dc681778e9280372593043d05ac55","name":"Claude ACAM","image":{"@type":"ImageObject","inLanguage":"fr-FR","@id":"https:\/\/secure.gravatar.com\/avatar\/1fdd18c759fe3f24bdec86ace860d5560fdd7598b71f43ba8ea69b6732ad68e7?s=96&r=g","url":"https:\/\/secure.gravatar.com\/avatar\/1fdd18c759fe3f24bdec86ace860d5560fdd7598b71f43ba8ea69b6732ad68e7?s=96&r=g","contentUrl":"https:\/\/secure.gravatar.com\/avatar\/1fdd18c759fe3f24bdec86ace860d5560fdd7598b71f43ba8ea69b6732ad68e7?s=96&r=g","caption":"Claude ACAM"},"logo":{"@id":"https:\/\/secure.gravatar.com\/avatar\/1fdd18c759fe3f24bdec86ace860d5560fdd7598b71f43ba8ea69b6732ad68e7?s=96&r=g"}}]}},"_links":{"self":[{"href":"https:\/\/webradio.ac-am.fr\/index.php\/wp-json\/wp\/v2\/posts\/266","targetHints":{"allow":["GET"]}}],"collection":[{"href":"https:\/\/webradio.ac-am.fr\/index.php\/wp-json\/wp\/v2\/posts"}],"about":[{"href":"https:\/\/webradio.ac-am.fr\/index.php\/wp-json\/wp\/v2\/types\/post"}],"author":[{"embeddable":true,"href":"https:\/\/webradio.ac-am.fr\/index.php\/wp-json\/wp\/v2\/users\/1"}],"replies":[{"embeddable":true,"href":"https:\/\/webradio.ac-am.fr\/index.php\/wp-json\/wp\/v2\/comments?post=266"}],"version-history":[{"count":2,"href":"https:\/\/webradio.ac-am.fr\/index.php\/wp-json\/wp\/v2\/posts\/266\/revisions"}],"predecessor-version":[{"id":3055,"href":"https:\/\/webradio.ac-am.fr\/index.php\/wp-json\/wp\/v2\/posts\/266\/revisions\/3055"}],"wp:attachment":[{"href":"https:\/\/webradio.ac-am.fr\/index.php\/wp-json\/wp\/v2\/media?parent=266"}],"wp:term":[{"taxonomy":"category","embeddable":true,"href":"https:\/\/webradio.ac-am.fr\/index.php\/wp-json\/wp\/v2\/categories?post=266"},{"taxonomy":"post_tag","embeddable":true,"href":"https:\/\/webradio.ac-am.fr\/index.php\/wp-json\/wp\/v2\/tags?post=266"}],"curies":[{"name":"wp","href":"https:\/\/api.w.org\/{rel}","templated":true}]}}