{"id":386,"date":"2017-06-07T23:05:41","date_gmt":"2017-06-07T22:05:41","guid":{"rendered":"http:\/\/videos.ac-am.fr\/?p=386"},"modified":"2026-03-21T22:39:11","modified_gmt":"2026-03-21T21:39:11","slug":"observation-en-mars-1990-en-belgique-dun-ovni-ou-tr-3b","status":"publish","type":"post","link":"https:\/\/webradio.ac-am.fr\/index.php\/2017\/06\/07\/observation-en-mars-1990-en-belgique-dun-ovni-ou-tr-3b\/","title":{"rendered":"Observation en mars 1990 en Belgique d&rsquo;un OVNI ou TR-3B."},"content":{"rendered":"\n<figure class=\"wp-block-video\"><video controls src=\"https:\/\/videos.ac-am.fr\/Items\/a9ed1db909423a682c4dcddf698b33b0\/Download?api_key=eed6ce84adf345ebbe5ff5b9c507afe5\"><\/video><\/figure>\n\n\n<table style=\"width: 100%: border: none;\">\n<tbody>\n<tr>\n<td style=\"text-align: left; border: none;\">Voici deux versions d&rsquo;un des plus fameux films de la vague belge. Un plan large et un plan un peu plus serr\u00e9. Le document, dat\u00e9 de la nuit du 30 au 31 mars 1990, a \u00e9t\u00e9 tourn\u00e9 par Marcel Alfarano aux environs de 2 h 20 du matin. Ce dernier a d\u00e9clar\u00e9 avoir \u00e9t\u00e9 contact\u00e9 par des fonctionnaires du gouvernement d\u00e9sireux d&rsquo;\u00e9tudier le film. Les autorit\u00e9s avaient \u00e9t\u00e9 alert\u00e9es la premi\u00e8re fois pour ce m\u00eame objet, un peu plus t\u00f4t, alors que celui-ci se d\u00e9pla\u00e7ait \u00e0 travers la campagne belge. Il avait \u00e9t\u00e9 encore aper\u00e7u planant silencieusement au-dessus d&rsquo;une ferme pendant environ 20 minutes. Il y eut de nombreux t\u00e9moins oculaires de cet incident particulier, et on recensa en tout environ 800 cas s\u00e9par\u00e9s d&rsquo;observations. Certaines s&rsquo;\u00e9tendaient bien au-del\u00e0 de la Belgique, puisqu&rsquo;une source confidentielle nous apprend qu&rsquo;\u00e0 peu pr\u00e8s \u00e0 la m\u00eame \u00e9poque, un objet triangulaire immense a \u00e9t\u00e9 aper\u00e7u la nuit en vol stationnaire pendant une vingtaine de minutes au-dessus de la ville de Louvigny, petit village du Calvados pr\u00e8s de Caen, surtout connue pour ses innombrables inondations. La plupart de ces t\u00e9moignages \u00e9manent de personnes tr\u00e8s cr\u00e9dibles, notamment le dernier en France, dont nous devons taire le nom&#8230;<\/td>\n<\/tr>\n<\/tbody>\n<\/table>","protected":false},"excerpt":{"rendered":"<p>Voici deux versions d&rsquo;un des plus fameux films de la vague belge. Un plan large et un plan un peu [&hellip;]<\/p>\n","protected":false},"author":1,"featured_media":0,"comment_status":"open","ping_status":"open","sticky":false,"template":"","format":"standard","meta":{"footnotes":""},"categories":[7],"tags":[1058,1057,1051,1056,1054,1052,966,1050,1055,1053],"class_list":["post-386","post","type-post","status-publish","format-standard","hentry","category-le-tr-3b-une-machine-construite-par-les-humains","tag-800-cas","tag-caen","tag-fonctionnaires-du-gouvernement","tag-innombrables-inondations","tag-marcel-alfarano","tag-nombreux-temoins","tag-tr3b","tag-vague-belge","tag-village-du-calvados","tag-ville-de-louvigny"],"yoast_head":"<!-- This site is optimized with the Yoast SEO plugin v27.2 - https:\/\/yoast.com\/product\/yoast-seo-wordpress\/ -->\n<title>Observation en mars 1990 en Belgique d&#039;un OVNI ou TR-3B. - ACAMwr<\/title>\n<meta name=\"robots\" content=\"index, follow, max-snippet:-1, max-image-preview:large, max-video-preview:-1\" \/>\n<link rel=\"canonical\" href=\"https:\/\/webradio.ac-am.fr\/index.php\/2017\/06\/07\/observation-en-mars-1990-en-belgique-dun-ovni-ou-tr-3b\/\" \/>\n<meta property=\"og:locale\" content=\"fr_FR\" \/>\n<meta property=\"og:type\" content=\"article\" \/>\n<meta property=\"og:title\" content=\"Observation en mars 1990 en Belgique d&#039;un OVNI ou TR-3B. - ACAMwr\" \/>\n<meta property=\"og:description\" content=\"Voici deux versions d&rsquo;un des plus fameux films de la vague belge. Un plan large et un plan un peu [&hellip;]\" \/>\n<meta property=\"og:url\" content=\"https:\/\/webradio.ac-am.fr\/index.php\/2017\/06\/07\/observation-en-mars-1990-en-belgique-dun-ovni-ou-tr-3b\/\" \/>\n<meta property=\"og:site_name\" content=\"ACAMwr\" \/>\n<meta property=\"article:published_time\" content=\"2017-06-07T22:05:41+00:00\" \/>\n<meta property=\"article:modified_time\" content=\"2026-03-21T21:39:11+00:00\" \/>\n<meta name=\"author\" content=\"Claude ACAM\" \/>\n<meta name=\"twitter:card\" content=\"summary_large_image\" \/>\n<meta name=\"twitter:label1\" content=\"\u00c9crit par\" \/>\n\t<meta name=\"twitter:data1\" content=\"Claude ACAM\" \/>\n\t<meta name=\"twitter:label2\" content=\"Dur\u00e9e de lecture estim\u00e9e\" \/>\n\t<meta name=\"twitter:data2\" content=\"2 minutes\" \/>\n<script type=\"application\/ld+json\" class=\"yoast-schema-graph\">{\"@context\":\"https:\/\/schema.org\",\"@graph\":[{\"@type\":\"Article\",\"@id\":\"https:\/\/webradio.ac-am.fr\/index.php\/2017\/06\/07\/observation-en-mars-1990-en-belgique-dun-ovni-ou-tr-3b\/#article\",\"isPartOf\":{\"@id\":\"https:\/\/webradio.ac-am.fr\/index.php\/2017\/06\/07\/observation-en-mars-1990-en-belgique-dun-ovni-ou-tr-3b\/\"},\"author\":{\"name\":\"Claude ACAM\",\"@id\":\"https:\/\/webradio.ac-am.fr\/#\/schema\/person\/040dc681778e9280372593043d05ac55\"},\"headline\":\"Observation en mars 1990 en Belgique d&rsquo;un OVNI ou TR-3B.\",\"datePublished\":\"2017-06-07T22:05:41+00:00\",\"dateModified\":\"2026-03-21T21:39:11+00:00\",\"mainEntityOfPage\":{\"@id\":\"https:\/\/webradio.ac-am.fr\/index.php\/2017\/06\/07\/observation-en-mars-1990-en-belgique-dun-ovni-ou-tr-3b\/\"},\"wordCount\":224,\"commentCount\":0,\"publisher\":{\"@id\":\"https:\/\/webradio.ac-am.fr\/#\/schema\/person\/040dc681778e9280372593043d05ac55\"},\"keywords\":[\"800 cas\",\"caen\",\"fonctionnaires du gouvernement\",\"innombrables inondations\",\"marcel alfarano\",\"nombreux t\u00e9moins\",\"tr3b\",\"vague belge\",\"village du calvados\",\"ville de louvigny\"],\"articleSection\":[\"Le TR-3B, une machine construite par les humains ?\"],\"inLanguage\":\"fr-FR\",\"potentialAction\":[{\"@type\":\"CommentAction\",\"name\":\"Comment\",\"target\":[\"https:\/\/webradio.ac-am.fr\/index.php\/2017\/06\/07\/observation-en-mars-1990-en-belgique-dun-ovni-ou-tr-3b\/#respond\"]}]},{\"@type\":\"WebPage\",\"@id\":\"https:\/\/webradio.ac-am.fr\/index.php\/2017\/06\/07\/observation-en-mars-1990-en-belgique-dun-ovni-ou-tr-3b\/\",\"url\":\"https:\/\/webradio.ac-am.fr\/index.php\/2017\/06\/07\/observation-en-mars-1990-en-belgique-dun-ovni-ou-tr-3b\/\",\"name\":\"Observation en mars 1990 en Belgique d'un OVNI ou TR-3B. - ACAMwr\",\"isPartOf\":{\"@id\":\"https:\/\/webradio.ac-am.fr\/#website\"},\"datePublished\":\"2017-06-07T22:05:41+00:00\",\"dateModified\":\"2026-03-21T21:39:11+00:00\",\"breadcrumb\":{\"@id\":\"https:\/\/webradio.ac-am.fr\/index.php\/2017\/06\/07\/observation-en-mars-1990-en-belgique-dun-ovni-ou-tr-3b\/#breadcrumb\"},\"inLanguage\":\"fr-FR\",\"potentialAction\":[{\"@type\":\"ReadAction\",\"target\":[\"https:\/\/webradio.ac-am.fr\/index.php\/2017\/06\/07\/observation-en-mars-1990-en-belgique-dun-ovni-ou-tr-3b\/\"]}]},{\"@type\":\"BreadcrumbList\",\"@id\":\"https:\/\/webradio.ac-am.fr\/index.php\/2017\/06\/07\/observation-en-mars-1990-en-belgique-dun-ovni-ou-tr-3b\/#breadcrumb\",\"itemListElement\":[{\"@type\":\"ListItem\",\"position\":1,\"name\":\"Accueil\",\"item\":\"https:\/\/webradio.ac-am.fr\/\"},{\"@type\":\"ListItem\",\"position\":2,\"name\":\"Observation en mars 1990 en Belgique d&rsquo;un OVNI ou TR-3B.\"}]},{\"@type\":\"WebSite\",\"@id\":\"https:\/\/webradio.ac-am.fr\/#website\",\"url\":\"https:\/\/webradio.ac-am.fr\/\",\"name\":\"ACAMwr\",\"description\":\"Webradio\",\"publisher\":{\"@id\":\"https:\/\/webradio.ac-am.fr\/#\/schema\/person\/040dc681778e9280372593043d05ac55\"},\"potentialAction\":[{\"@type\":\"SearchAction\",\"target\":{\"@type\":\"EntryPoint\",\"urlTemplate\":\"https:\/\/webradio.ac-am.fr\/?s={search_term_string}\"},\"query-input\":{\"@type\":\"PropertyValueSpecification\",\"valueRequired\":true,\"valueName\":\"search_term_string\"}}],\"inLanguage\":\"fr-FR\"},{\"@type\":[\"Person\",\"Organization\"],\"@id\":\"https:\/\/webradio.ac-am.fr\/#\/schema\/person\/040dc681778e9280372593043d05ac55\",\"name\":\"Claude ACAM\",\"image\":{\"@type\":\"ImageObject\",\"inLanguage\":\"fr-FR\",\"@id\":\"https:\/\/secure.gravatar.com\/avatar\/1fdd18c759fe3f24bdec86ace860d5560fdd7598b71f43ba8ea69b6732ad68e7?s=96&r=g\",\"url\":\"https:\/\/secure.gravatar.com\/avatar\/1fdd18c759fe3f24bdec86ace860d5560fdd7598b71f43ba8ea69b6732ad68e7?s=96&r=g\",\"contentUrl\":\"https:\/\/secure.gravatar.com\/avatar\/1fdd18c759fe3f24bdec86ace860d5560fdd7598b71f43ba8ea69b6732ad68e7?s=96&r=g\",\"caption\":\"Claude ACAM\"},\"logo\":{\"@id\":\"https:\/\/secure.gravatar.com\/avatar\/1fdd18c759fe3f24bdec86ace860d5560fdd7598b71f43ba8ea69b6732ad68e7?s=96&r=g\"}}]}<\/script>\n<!-- \/ Yoast SEO plugin. -->","yoast_head_json":{"title":"Observation en mars 1990 en Belgique d'un OVNI ou TR-3B. - ACAMwr","robots":{"index":"index","follow":"follow","max-snippet":"max-snippet:-1","max-image-preview":"max-image-preview:large","max-video-preview":"max-video-preview:-1"},"canonical":"https:\/\/webradio.ac-am.fr\/index.php\/2017\/06\/07\/observation-en-mars-1990-en-belgique-dun-ovni-ou-tr-3b\/","og_locale":"fr_FR","og_type":"article","og_title":"Observation en mars 1990 en Belgique d'un OVNI ou TR-3B. - ACAMwr","og_description":"Voici deux versions d&rsquo;un des plus fameux films de la vague belge. Un plan large et un plan un peu [&hellip;]","og_url":"https:\/\/webradio.ac-am.fr\/index.php\/2017\/06\/07\/observation-en-mars-1990-en-belgique-dun-ovni-ou-tr-3b\/","og_site_name":"ACAMwr","article_published_time":"2017-06-07T22:05:41+00:00","article_modified_time":"2026-03-21T21:39:11+00:00","author":"Claude ACAM","twitter_card":"summary_large_image","twitter_misc":{"\u00c9crit par":"Claude ACAM","Dur\u00e9e de lecture estim\u00e9e":"2 minutes"},"schema":{"@context":"https:\/\/schema.org","@graph":[{"@type":"Article","@id":"https:\/\/webradio.ac-am.fr\/index.php\/2017\/06\/07\/observation-en-mars-1990-en-belgique-dun-ovni-ou-tr-3b\/#article","isPartOf":{"@id":"https:\/\/webradio.ac-am.fr\/index.php\/2017\/06\/07\/observation-en-mars-1990-en-belgique-dun-ovni-ou-tr-3b\/"},"author":{"name":"Claude ACAM","@id":"https:\/\/webradio.ac-am.fr\/#\/schema\/person\/040dc681778e9280372593043d05ac55"},"headline":"Observation en mars 1990 en Belgique d&rsquo;un OVNI ou TR-3B.","datePublished":"2017-06-07T22:05:41+00:00","dateModified":"2026-03-21T21:39:11+00:00","mainEntityOfPage":{"@id":"https:\/\/webradio.ac-am.fr\/index.php\/2017\/06\/07\/observation-en-mars-1990-en-belgique-dun-ovni-ou-tr-3b\/"},"wordCount":224,"commentCount":0,"publisher":{"@id":"https:\/\/webradio.ac-am.fr\/#\/schema\/person\/040dc681778e9280372593043d05ac55"},"keywords":["800 cas","caen","fonctionnaires du gouvernement","innombrables inondations","marcel alfarano","nombreux t\u00e9moins","tr3b","vague belge","village du calvados","ville de louvigny"],"articleSection":["Le TR-3B, une machine construite par les humains ?"],"inLanguage":"fr-FR","potentialAction":[{"@type":"CommentAction","name":"Comment","target":["https:\/\/webradio.ac-am.fr\/index.php\/2017\/06\/07\/observation-en-mars-1990-en-belgique-dun-ovni-ou-tr-3b\/#respond"]}]},{"@type":"WebPage","@id":"https:\/\/webradio.ac-am.fr\/index.php\/2017\/06\/07\/observation-en-mars-1990-en-belgique-dun-ovni-ou-tr-3b\/","url":"https:\/\/webradio.ac-am.fr\/index.php\/2017\/06\/07\/observation-en-mars-1990-en-belgique-dun-ovni-ou-tr-3b\/","name":"Observation en mars 1990 en Belgique d'un OVNI ou TR-3B. - ACAMwr","isPartOf":{"@id":"https:\/\/webradio.ac-am.fr\/#website"},"datePublished":"2017-06-07T22:05:41+00:00","dateModified":"2026-03-21T21:39:11+00:00","breadcrumb":{"@id":"https:\/\/webradio.ac-am.fr\/index.php\/2017\/06\/07\/observation-en-mars-1990-en-belgique-dun-ovni-ou-tr-3b\/#breadcrumb"},"inLanguage":"fr-FR","potentialAction":[{"@type":"ReadAction","target":["https:\/\/webradio.ac-am.fr\/index.php\/2017\/06\/07\/observation-en-mars-1990-en-belgique-dun-ovni-ou-tr-3b\/"]}]},{"@type":"BreadcrumbList","@id":"https:\/\/webradio.ac-am.fr\/index.php\/2017\/06\/07\/observation-en-mars-1990-en-belgique-dun-ovni-ou-tr-3b\/#breadcrumb","itemListElement":[{"@type":"ListItem","position":1,"name":"Accueil","item":"https:\/\/webradio.ac-am.fr\/"},{"@type":"ListItem","position":2,"name":"Observation en mars 1990 en Belgique d&rsquo;un OVNI ou TR-3B."}]},{"@type":"WebSite","@id":"https:\/\/webradio.ac-am.fr\/#website","url":"https:\/\/webradio.ac-am.fr\/","name":"ACAMwr","description":"Webradio","publisher":{"@id":"https:\/\/webradio.ac-am.fr\/#\/schema\/person\/040dc681778e9280372593043d05ac55"},"potentialAction":[{"@type":"SearchAction","target":{"@type":"EntryPoint","urlTemplate":"https:\/\/webradio.ac-am.fr\/?s={search_term_string}"},"query-input":{"@type":"PropertyValueSpecification","valueRequired":true,"valueName":"search_term_string"}}],"inLanguage":"fr-FR"},{"@type":["Person","Organization"],"@id":"https:\/\/webradio.ac-am.fr\/#\/schema\/person\/040dc681778e9280372593043d05ac55","name":"Claude ACAM","image":{"@type":"ImageObject","inLanguage":"fr-FR","@id":"https:\/\/secure.gravatar.com\/avatar\/1fdd18c759fe3f24bdec86ace860d5560fdd7598b71f43ba8ea69b6732ad68e7?s=96&r=g","url":"https:\/\/secure.gravatar.com\/avatar\/1fdd18c759fe3f24bdec86ace860d5560fdd7598b71f43ba8ea69b6732ad68e7?s=96&r=g","contentUrl":"https:\/\/secure.gravatar.com\/avatar\/1fdd18c759fe3f24bdec86ace860d5560fdd7598b71f43ba8ea69b6732ad68e7?s=96&r=g","caption":"Claude ACAM"},"logo":{"@id":"https:\/\/secure.gravatar.com\/avatar\/1fdd18c759fe3f24bdec86ace860d5560fdd7598b71f43ba8ea69b6732ad68e7?s=96&r=g"}}]}},"_links":{"self":[{"href":"https:\/\/webradio.ac-am.fr\/index.php\/wp-json\/wp\/v2\/posts\/386","targetHints":{"allow":["GET"]}}],"collection":[{"href":"https:\/\/webradio.ac-am.fr\/index.php\/wp-json\/wp\/v2\/posts"}],"about":[{"href":"https:\/\/webradio.ac-am.fr\/index.php\/wp-json\/wp\/v2\/types\/post"}],"author":[{"embeddable":true,"href":"https:\/\/webradio.ac-am.fr\/index.php\/wp-json\/wp\/v2\/users\/1"}],"replies":[{"embeddable":true,"href":"https:\/\/webradio.ac-am.fr\/index.php\/wp-json\/wp\/v2\/comments?post=386"}],"version-history":[{"count":4,"href":"https:\/\/webradio.ac-am.fr\/index.php\/wp-json\/wp\/v2\/posts\/386\/revisions"}],"predecessor-version":[{"id":3216,"href":"https:\/\/webradio.ac-am.fr\/index.php\/wp-json\/wp\/v2\/posts\/386\/revisions\/3216"}],"wp:attachment":[{"href":"https:\/\/webradio.ac-am.fr\/index.php\/wp-json\/wp\/v2\/media?parent=386"}],"wp:term":[{"taxonomy":"category","embeddable":true,"href":"https:\/\/webradio.ac-am.fr\/index.php\/wp-json\/wp\/v2\/categories?post=386"},{"taxonomy":"post_tag","embeddable":true,"href":"https:\/\/webradio.ac-am.fr\/index.php\/wp-json\/wp\/v2\/tags?post=386"}],"curies":[{"name":"wp","href":"https:\/\/api.w.org\/{rel}","templated":true}]}}