{"id":477,"date":"2017-10-05T22:22:00","date_gmt":"2017-10-05T21:22:00","guid":{"rendered":"http:\/\/videos.ac-am.fr\/?p=477"},"modified":"2026-03-23T21:22:07","modified_gmt":"2026-03-23T20:22:07","slug":"levangile-de-judas","status":"publish","type":"post","link":"https:\/\/webradio.ac-am.fr\/index.php\/2017\/10\/05\/levangile-de-judas\/","title":{"rendered":"L&rsquo;\u00c9vangile de Judas"},"content":{"rendered":"\n<figure class=\"wp-block-video\"><video controls src=\"https:\/\/videos.ac-am.fr\/Items\/28835800de92babcafb61f5c397300d2\/Download?api_key=029430fdc2b04fe1861d4d165da5c787\"><\/video><\/figure>\n\n\n\n<h4 class=\"wp-block-heading\">Partie 1<\/h4>\n\n\n\n<figure class=\"wp-block-video\"><video controls src=\"https:\/\/videos.ac-am.fr\/Items\/2d9cb9e0df3e5baf17f825526310accc\/Download?api_key=029430fdc2b04fe1861d4d165da5c787\"><\/video><\/figure>\n\n\n\n<h4 class=\"wp-block-heading\">Partie 2<\/h4>\n\n\n<table style=\"width: 100%; border: none;\">\n<tbody>\n<tr>\n<td style=\"text-align: left; border: none;\" colspan=\"2\">Paul Verhoeven r\u00e9sume l&rsquo;ouvrage en mettant l&rsquo;accent sur la relation qui s&rsquo;y r\u00e9v\u00e8le entre J\u00e9sus et Judas : \u00ab\u00a0L&rsquo;\u00c9vangile de Judas part du principe suivant : le seul disciple qui ait r\u00e9ellement compris J\u00e9sus \u00e9tait Judas Iscariote, le tra\u00eetre bien connu. [&#8230;] Selon cet \u00c9vangile, J\u00e9sus dit \u00e0 Judas qu&rsquo;il [Judas] a \u00e9t\u00e9 choisi <span style=\"color: #ffff00;\"><strong>\u00ab\u00a0pour offrir en sacrifice l&rsquo;enveloppe humaine qui L&rsquo;entoure [qui entoure J\u00e9sus]\u00a0\u00bb<\/strong><\/span>. En d&rsquo;autres mots, en trahissant J\u00e9sus, Judas fait en sorte qu&rsquo;il soit arr\u00eat\u00e9 et crucifi\u00e9, ce qui \u00e9tait pr\u00e9cis\u00e9ment l&rsquo;objectif de Dieu. [&#8230;] Judas devient ainsi un pion dans le grand dessein de Dieu\u00a0\u00bb. L&rsquo;ouvrage, tel que publi\u00e9 en 2006, et compl\u00e9t\u00e9 par quelques lignes retrouv\u00e9es en 2008, se pr\u00e9sente moins comme un texte narratif que comme un texte \u00e0 contenu \u00ab\u00a0philosophique\u00a0\u00bb ou gnostique. Il consiste essentiellement en une br\u00e8ve pr\u00e9sentation par J\u00e9sus, \u00e0 Judas, d\u2019une variante du Gnosticisme S\u00e9thien : engendrement, par le Grand Esprit Invisible (la divinit\u00e9 v\u00e9ritable et fondamentale), d\u2019une s\u00e9rie d\u2019entit\u00e9 divines, les \u00e9ons : l\u2019Auto-Engendr\u00e9, Barb\u00e9lo, Adamas, Seth etc. jusqu\u2019\u00e0 la Chute provoqu\u00e9e par Sophia. Selon P. Verhoeven, qui renvoie au Reading Judas de Karen L. King, ce serait l&rsquo;id\u00e9e du martyre chr\u00e9tien qui serait ici prise pour cible et critiqu\u00e9e.<\/p>\n<p>La phrase clef qui permet d\u2019identifier ce manuscrit \u00e0 \u00ab l\u2019\u00c9vangile de Judas \u00bb dont parle Ir\u00e9n\u00e9e de Lyon est cette citation attribu\u00e9e \u00e0 J\u00e9sus : \u00ab Tu sacrifieras l\u2019homme qui me sert d\u2019enveloppe charnelle. \u00bb Pour condamner cette \u00ab justification \u00bb de la \u00ab trahison \u00bb de Judas, Ir\u00e9n\u00e9e de Lyon cite en effet cette m\u00eame phrase en l&rsquo;attribuant \u00e0 l&rsquo;\u00c9vangile de Judas, dans son ouvrage contre la gnose au nom menteur, plus connu sous le nom de contre les h\u00e9r\u00e9sies.<\/p>\n<p><u>Je vais rajouter ceci<\/u> : Beaucoup de choses s&rsquo;\u00e9claircissent gr\u00e2ce \u00e0 <a href=\"http:\/\/videos.ac-am.fr\/?p=415\"><strong>Airl<\/strong><\/a>. Christ ne serait-il pas tout simplement un <strong><span style=\"color: #ffff00;\">is-be<\/span><\/strong>, comme nous tous d&rsquo;ailleurs ? Une entit\u00e9 de tr\u00e8s haut niveau m\u00e9taphysique et entour\u00e9e d&rsquo;une tr\u00e8s haute technologie que les gens de l&rsquo;\u00e9poque prenaient pour des miracles.\u00a0 Marie, sa future m\u00e8re porteuse, fut pr\u00e9venue par t\u00e9l\u00e9pathie ou manifestation style hologramme qu&rsquo;elle serait enceinte sans la contribution d&rsquo;un m\u00e2le ;-). Elle fut l&rsquo;objet probablement d&rsquo;une ins\u00e9mination artificielle ou d&rsquo;une m\u00e9thode encore plus sophistiqu\u00e9e pour pr\u00e9parer un corps biologique suffisamment r\u00e9sistant pour supporter la puissance vibratoire de Christ. Cette entit\u00e9 C\u00e9leste ne perdant pas ses pouvoirs ainsi que sa m\u00e9moire lors de son incarnation a pu ainsi essayer, je dis bien essayer, de faire comprendre \u00e0 ses ap\u00f4tres et m\u00eame au-del\u00e0 ce qu&rsquo;ils \u00e9taient r\u00e9ellement, c&rsquo;est \u00e0 dire des <strong><span style=\"color: #ffff00;\">entit\u00e9s spirituelles immortelles (is-be) <\/span><\/strong>provenant de divers demeures de la maison de son p\u00e8re.<\/p>\n<p>Juda \u00e9tait au-dessus de la moyenne au point de vue intelligence et surtout avait un ressenti tr\u00e8s profond du monde m\u00e9taphysique ce qui lui a permis de comprendre r\u00e9ellement qui \u00e9tait Christ. C&rsquo;est pour cela qu&rsquo;il [Christ] ne sait pas g\u00ean\u00e9 pour lui parler <strong><span style=\"color: #ffff00;\">d&rsquo;enveloppe charnelle<\/span><\/strong> car c&rsquo;est ce qui nous habille tous en tant que terrien mais \u00e9galement chez tout autre habitant d&rsquo;autres mondes physiques avec des aspects probablement diff\u00e9rents.<\/p>\n<p>Cela explique \u00e9galement l&rsquo;\u00e9tranget\u00e9 de ces tableaux (ci-dessous et je pourrais vous en mettre d&rsquo;autres&#8230;) produits par diff\u00e9rents peintres, \u00e0 diff\u00e9rentes \u00e9poques. La cl\u00e9 est probablement l\u00e0 mais encore faut-il que des religieux born\u00e9s puissent ouvrir leur esprit. Cela explique \u00e9galement l&rsquo;origine de ces religions qui ont \u00e9t\u00e9 fabriqu\u00e9es par des faits qui \u00e9taient incompr\u00e9hensibles au niveau des gens de cette \u00e9poque.<\/p>\n<\/td>\n<\/tr>\n<tr>\n<td style=\"border: none;\"><img decoding=\"async\" src=\"\/wp-content\/uploads\/2019\/08\/tableau1.jpg\" \/><\/td>\n<td style=\"border: none;\"><img decoding=\"async\" src=\"\/wp-content\/uploads\/2019\/08\/tableau2.jpg\" \/><\/td>\n<\/tr>\n<tr>\n<td style=\"border: none;\"><img decoding=\"async\" style=\"width: 222px;\" src=\"\/wp-content\/uploads\/2019\/08\/tableau2b.jpg\" \/><\/td>\n<td style=\"border: none;\"><img decoding=\"async\" style=\"width: 222px;\" src=\"\/wp-content\/uploads\/2019\/08\/tableau3.jpg\" \/><\/td>\n<\/tr>\n<\/tbody>\n<\/table>","protected":false},"excerpt":{"rendered":"<p>Partie 1 Partie 2 Paul Verhoeven r\u00e9sume l&rsquo;ouvrage en mettant l&rsquo;accent sur la relation qui s&rsquo;y r\u00e9v\u00e8le entre J\u00e9sus et [&hellip;]<\/p>\n","protected":false},"author":1,"featured_media":0,"comment_status":"open","ping_status":"open","sticky":false,"template":"","format":"standard","meta":{"footnotes":""},"categories":[6],"tags":[1066,1065,1062,1063,1067,1068,1060,1064,1061,1059],"class_list":["post-477","post","type-post","status-publish","format-standard","hentry","category-la-vie-reelle-dun-certain-christ","tag-enveloppe-charnelle","tag-evangile-de-judas","tag-gnosticisme-sethien","tag-grand-esprit-invisible","tag-haute-technologie","tag-insemination-artificielle","tag-jesus-et-judas","tag-martyre-chretien","tag-objectif-de-dieu","tag-paul-verhoeven"],"yoast_head":"<!-- This site is optimized with the Yoast SEO plugin v27.2 - https:\/\/yoast.com\/product\/yoast-seo-wordpress\/ -->\n<title>L&#039;\u00c9vangile de Judas - ACAMwr<\/title>\n<meta name=\"robots\" content=\"index, follow, max-snippet:-1, max-image-preview:large, max-video-preview:-1\" \/>\n<link rel=\"canonical\" href=\"https:\/\/webradio.ac-am.fr\/index.php\/2017\/10\/05\/levangile-de-judas\/\" \/>\n<meta property=\"og:locale\" content=\"fr_FR\" \/>\n<meta property=\"og:type\" content=\"article\" \/>\n<meta property=\"og:title\" content=\"L&#039;\u00c9vangile de Judas - ACAMwr\" \/>\n<meta property=\"og:description\" content=\"Partie 1 Partie 2 Paul Verhoeven r\u00e9sume l&rsquo;ouvrage en mettant l&rsquo;accent sur la relation qui s&rsquo;y r\u00e9v\u00e8le entre J\u00e9sus et [&hellip;]\" \/>\n<meta property=\"og:url\" content=\"https:\/\/webradio.ac-am.fr\/index.php\/2017\/10\/05\/levangile-de-judas\/\" \/>\n<meta property=\"og:site_name\" content=\"ACAMwr\" \/>\n<meta property=\"article:published_time\" content=\"2017-10-05T21:22:00+00:00\" \/>\n<meta property=\"article:modified_time\" content=\"2026-03-23T20:22:07+00:00\" \/>\n<meta name=\"author\" content=\"Claude ACAM\" \/>\n<meta name=\"twitter:card\" content=\"summary_large_image\" \/>\n<meta name=\"twitter:label1\" content=\"\u00c9crit par\" \/>\n\t<meta name=\"twitter:data1\" content=\"Claude ACAM\" \/>\n\t<meta name=\"twitter:label2\" content=\"Dur\u00e9e de lecture estim\u00e9e\" \/>\n\t<meta name=\"twitter:data2\" content=\"4 minutes\" \/>\n<script type=\"application\/ld+json\" class=\"yoast-schema-graph\">{\"@context\":\"https:\/\/schema.org\",\"@graph\":[{\"@type\":\"Article\",\"@id\":\"https:\/\/webradio.ac-am.fr\/index.php\/2017\/10\/05\/levangile-de-judas\/#article\",\"isPartOf\":{\"@id\":\"https:\/\/webradio.ac-am.fr\/index.php\/2017\/10\/05\/levangile-de-judas\/\"},\"author\":{\"name\":\"Claude ACAM\",\"@id\":\"https:\/\/webradio.ac-am.fr\/#\/schema\/person\/040dc681778e9280372593043d05ac55\"},\"headline\":\"L&rsquo;\u00c9vangile de Judas\",\"datePublished\":\"2017-10-05T21:22:00+00:00\",\"dateModified\":\"2026-03-23T20:22:07+00:00\",\"mainEntityOfPage\":{\"@id\":\"https:\/\/webradio.ac-am.fr\/index.php\/2017\/10\/05\/levangile-de-judas\/\"},\"wordCount\":625,\"commentCount\":0,\"publisher\":{\"@id\":\"https:\/\/webradio.ac-am.fr\/#\/schema\/person\/040dc681778e9280372593043d05ac55\"},\"keywords\":[\"enveloppe charnelle\",\"\u00e9vangile de judas\",\"gnosticisme s\u00e9thien\",\"grand esprit invisible\",\"haute technologie\",\"ins\u00e9mination artificielle\",\"j\u00e9sus et judas\",\"martyre chr\u00e9tien\",\"objectif de dieu\",\"paul verhoeven\"],\"articleSection\":[\"La vie r\u00e9elle d\u2019un certain Christ\"],\"inLanguage\":\"fr-FR\",\"potentialAction\":[{\"@type\":\"CommentAction\",\"name\":\"Comment\",\"target\":[\"https:\/\/webradio.ac-am.fr\/index.php\/2017\/10\/05\/levangile-de-judas\/#respond\"]}]},{\"@type\":\"WebPage\",\"@id\":\"https:\/\/webradio.ac-am.fr\/index.php\/2017\/10\/05\/levangile-de-judas\/\",\"url\":\"https:\/\/webradio.ac-am.fr\/index.php\/2017\/10\/05\/levangile-de-judas\/\",\"name\":\"L'\u00c9vangile de Judas - ACAMwr\",\"isPartOf\":{\"@id\":\"https:\/\/webradio.ac-am.fr\/#website\"},\"datePublished\":\"2017-10-05T21:22:00+00:00\",\"dateModified\":\"2026-03-23T20:22:07+00:00\",\"breadcrumb\":{\"@id\":\"https:\/\/webradio.ac-am.fr\/index.php\/2017\/10\/05\/levangile-de-judas\/#breadcrumb\"},\"inLanguage\":\"fr-FR\",\"potentialAction\":[{\"@type\":\"ReadAction\",\"target\":[\"https:\/\/webradio.ac-am.fr\/index.php\/2017\/10\/05\/levangile-de-judas\/\"]}]},{\"@type\":\"BreadcrumbList\",\"@id\":\"https:\/\/webradio.ac-am.fr\/index.php\/2017\/10\/05\/levangile-de-judas\/#breadcrumb\",\"itemListElement\":[{\"@type\":\"ListItem\",\"position\":1,\"name\":\"Accueil\",\"item\":\"https:\/\/webradio.ac-am.fr\/\"},{\"@type\":\"ListItem\",\"position\":2,\"name\":\"L&rsquo;\u00c9vangile de Judas\"}]},{\"@type\":\"WebSite\",\"@id\":\"https:\/\/webradio.ac-am.fr\/#website\",\"url\":\"https:\/\/webradio.ac-am.fr\/\",\"name\":\"ACAMwr\",\"description\":\"Webradio\",\"publisher\":{\"@id\":\"https:\/\/webradio.ac-am.fr\/#\/schema\/person\/040dc681778e9280372593043d05ac55\"},\"potentialAction\":[{\"@type\":\"SearchAction\",\"target\":{\"@type\":\"EntryPoint\",\"urlTemplate\":\"https:\/\/webradio.ac-am.fr\/?s={search_term_string}\"},\"query-input\":{\"@type\":\"PropertyValueSpecification\",\"valueRequired\":true,\"valueName\":\"search_term_string\"}}],\"inLanguage\":\"fr-FR\"},{\"@type\":[\"Person\",\"Organization\"],\"@id\":\"https:\/\/webradio.ac-am.fr\/#\/schema\/person\/040dc681778e9280372593043d05ac55\",\"name\":\"Claude ACAM\",\"image\":{\"@type\":\"ImageObject\",\"inLanguage\":\"fr-FR\",\"@id\":\"https:\/\/secure.gravatar.com\/avatar\/1fdd18c759fe3f24bdec86ace860d5560fdd7598b71f43ba8ea69b6732ad68e7?s=96&r=g\",\"url\":\"https:\/\/secure.gravatar.com\/avatar\/1fdd18c759fe3f24bdec86ace860d5560fdd7598b71f43ba8ea69b6732ad68e7?s=96&r=g\",\"contentUrl\":\"https:\/\/secure.gravatar.com\/avatar\/1fdd18c759fe3f24bdec86ace860d5560fdd7598b71f43ba8ea69b6732ad68e7?s=96&r=g\",\"caption\":\"Claude ACAM\"},\"logo\":{\"@id\":\"https:\/\/secure.gravatar.com\/avatar\/1fdd18c759fe3f24bdec86ace860d5560fdd7598b71f43ba8ea69b6732ad68e7?s=96&r=g\"}}]}<\/script>\n<!-- \/ Yoast SEO plugin. -->","yoast_head_json":{"title":"L'\u00c9vangile de Judas - ACAMwr","robots":{"index":"index","follow":"follow","max-snippet":"max-snippet:-1","max-image-preview":"max-image-preview:large","max-video-preview":"max-video-preview:-1"},"canonical":"https:\/\/webradio.ac-am.fr\/index.php\/2017\/10\/05\/levangile-de-judas\/","og_locale":"fr_FR","og_type":"article","og_title":"L'\u00c9vangile de Judas - ACAMwr","og_description":"Partie 1 Partie 2 Paul Verhoeven r\u00e9sume l&rsquo;ouvrage en mettant l&rsquo;accent sur la relation qui s&rsquo;y r\u00e9v\u00e8le entre J\u00e9sus et [&hellip;]","og_url":"https:\/\/webradio.ac-am.fr\/index.php\/2017\/10\/05\/levangile-de-judas\/","og_site_name":"ACAMwr","article_published_time":"2017-10-05T21:22:00+00:00","article_modified_time":"2026-03-23T20:22:07+00:00","author":"Claude ACAM","twitter_card":"summary_large_image","twitter_misc":{"\u00c9crit par":"Claude ACAM","Dur\u00e9e de lecture estim\u00e9e":"4 minutes"},"schema":{"@context":"https:\/\/schema.org","@graph":[{"@type":"Article","@id":"https:\/\/webradio.ac-am.fr\/index.php\/2017\/10\/05\/levangile-de-judas\/#article","isPartOf":{"@id":"https:\/\/webradio.ac-am.fr\/index.php\/2017\/10\/05\/levangile-de-judas\/"},"author":{"name":"Claude ACAM","@id":"https:\/\/webradio.ac-am.fr\/#\/schema\/person\/040dc681778e9280372593043d05ac55"},"headline":"L&rsquo;\u00c9vangile de Judas","datePublished":"2017-10-05T21:22:00+00:00","dateModified":"2026-03-23T20:22:07+00:00","mainEntityOfPage":{"@id":"https:\/\/webradio.ac-am.fr\/index.php\/2017\/10\/05\/levangile-de-judas\/"},"wordCount":625,"commentCount":0,"publisher":{"@id":"https:\/\/webradio.ac-am.fr\/#\/schema\/person\/040dc681778e9280372593043d05ac55"},"keywords":["enveloppe charnelle","\u00e9vangile de judas","gnosticisme s\u00e9thien","grand esprit invisible","haute technologie","ins\u00e9mination artificielle","j\u00e9sus et judas","martyre chr\u00e9tien","objectif de dieu","paul verhoeven"],"articleSection":["La vie r\u00e9elle d\u2019un certain Christ"],"inLanguage":"fr-FR","potentialAction":[{"@type":"CommentAction","name":"Comment","target":["https:\/\/webradio.ac-am.fr\/index.php\/2017\/10\/05\/levangile-de-judas\/#respond"]}]},{"@type":"WebPage","@id":"https:\/\/webradio.ac-am.fr\/index.php\/2017\/10\/05\/levangile-de-judas\/","url":"https:\/\/webradio.ac-am.fr\/index.php\/2017\/10\/05\/levangile-de-judas\/","name":"L'\u00c9vangile de Judas - ACAMwr","isPartOf":{"@id":"https:\/\/webradio.ac-am.fr\/#website"},"datePublished":"2017-10-05T21:22:00+00:00","dateModified":"2026-03-23T20:22:07+00:00","breadcrumb":{"@id":"https:\/\/webradio.ac-am.fr\/index.php\/2017\/10\/05\/levangile-de-judas\/#breadcrumb"},"inLanguage":"fr-FR","potentialAction":[{"@type":"ReadAction","target":["https:\/\/webradio.ac-am.fr\/index.php\/2017\/10\/05\/levangile-de-judas\/"]}]},{"@type":"BreadcrumbList","@id":"https:\/\/webradio.ac-am.fr\/index.php\/2017\/10\/05\/levangile-de-judas\/#breadcrumb","itemListElement":[{"@type":"ListItem","position":1,"name":"Accueil","item":"https:\/\/webradio.ac-am.fr\/"},{"@type":"ListItem","position":2,"name":"L&rsquo;\u00c9vangile de Judas"}]},{"@type":"WebSite","@id":"https:\/\/webradio.ac-am.fr\/#website","url":"https:\/\/webradio.ac-am.fr\/","name":"ACAMwr","description":"Webradio","publisher":{"@id":"https:\/\/webradio.ac-am.fr\/#\/schema\/person\/040dc681778e9280372593043d05ac55"},"potentialAction":[{"@type":"SearchAction","target":{"@type":"EntryPoint","urlTemplate":"https:\/\/webradio.ac-am.fr\/?s={search_term_string}"},"query-input":{"@type":"PropertyValueSpecification","valueRequired":true,"valueName":"search_term_string"}}],"inLanguage":"fr-FR"},{"@type":["Person","Organization"],"@id":"https:\/\/webradio.ac-am.fr\/#\/schema\/person\/040dc681778e9280372593043d05ac55","name":"Claude ACAM","image":{"@type":"ImageObject","inLanguage":"fr-FR","@id":"https:\/\/secure.gravatar.com\/avatar\/1fdd18c759fe3f24bdec86ace860d5560fdd7598b71f43ba8ea69b6732ad68e7?s=96&r=g","url":"https:\/\/secure.gravatar.com\/avatar\/1fdd18c759fe3f24bdec86ace860d5560fdd7598b71f43ba8ea69b6732ad68e7?s=96&r=g","contentUrl":"https:\/\/secure.gravatar.com\/avatar\/1fdd18c759fe3f24bdec86ace860d5560fdd7598b71f43ba8ea69b6732ad68e7?s=96&r=g","caption":"Claude ACAM"},"logo":{"@id":"https:\/\/secure.gravatar.com\/avatar\/1fdd18c759fe3f24bdec86ace860d5560fdd7598b71f43ba8ea69b6732ad68e7?s=96&r=g"}}]}},"_links":{"self":[{"href":"https:\/\/webradio.ac-am.fr\/index.php\/wp-json\/wp\/v2\/posts\/477","targetHints":{"allow":["GET"]}}],"collection":[{"href":"https:\/\/webradio.ac-am.fr\/index.php\/wp-json\/wp\/v2\/posts"}],"about":[{"href":"https:\/\/webradio.ac-am.fr\/index.php\/wp-json\/wp\/v2\/types\/post"}],"author":[{"embeddable":true,"href":"https:\/\/webradio.ac-am.fr\/index.php\/wp-json\/wp\/v2\/users\/1"}],"replies":[{"embeddable":true,"href":"https:\/\/webradio.ac-am.fr\/index.php\/wp-json\/wp\/v2\/comments?post=477"}],"version-history":[{"count":4,"href":"https:\/\/webradio.ac-am.fr\/index.php\/wp-json\/wp\/v2\/posts\/477\/revisions"}],"predecessor-version":[{"id":3222,"href":"https:\/\/webradio.ac-am.fr\/index.php\/wp-json\/wp\/v2\/posts\/477\/revisions\/3222"}],"wp:attachment":[{"href":"https:\/\/webradio.ac-am.fr\/index.php\/wp-json\/wp\/v2\/media?parent=477"}],"wp:term":[{"taxonomy":"category","embeddable":true,"href":"https:\/\/webradio.ac-am.fr\/index.php\/wp-json\/wp\/v2\/categories?post=477"},{"taxonomy":"post_tag","embeddable":true,"href":"https:\/\/webradio.ac-am.fr\/index.php\/wp-json\/wp\/v2\/tags?post=477"}],"curies":[{"name":"wp","href":"https:\/\/api.w.org\/{rel}","templated":true}]}}